{"id":151,"count":8,"description":"","link":"https:\/\/chdecole.ch\/wordpress\/category\/themes-dans-lannee\/printemps\/fete-des-meres\/","name":"F\u00eate des m\u00e8res et des p\u00e8res","slug":"fete-des-meres","taxonomy":"category","parent":126,"meta":[],"_links":{"self":[{"href":"https:\/\/chdecole.ch\/wordpress\/wp-json\/wp\/v2\/categories\/151","targetHints":{"allow":["GET"]}}],"collection":[{"href":"https:\/\/chdecole.ch\/wordpress\/wp-json\/wp\/v2\/categories"}],"about":[{"href":"https:\/\/chdecole.ch\/wordpress\/wp-json\/wp\/v2\/taxonomies\/category"}],"up":[{"embeddable":true,"href":"https:\/\/chdecole.ch\/wordpress\/wp-json\/wp\/v2\/categories\/126"}],"wp:post_type":[{"href":"https:\/\/chdecole.ch\/wordpress\/wp-json\/wp\/v2\/posts?categories=151"}],"curies":[{"name":"wp","href":"https:\/\/api.w.org\/{rel}","templated":true}]}}