{"id":12512,"date":"2011-11-26T21:12:50","date_gmt":"2011-11-26T20:12:50","guid":{"rendered":"http:\/\/chdecole.ch\/wordpress\/?p=12512"},"modified":"2013-01-31T22:17:21","modified_gmt":"2013-01-31T21:17:21","slug":"histoire-programme-per","status":"publish","type":"post","link":"https:\/\/chdecole.ch\/wordpress\/histoire-programme-per\/","title":{"rendered":"Histoire (programme PER)"},"content":{"rendered":"<p><span style=\"color: #ff6600;\">Ces documents sont encore en construction, il s&rsquo;agit d&rsquo;une autre pr\u00e9sentation du PER et non de documents officiels.<\/span><\/p>\n<p><a href=\"http:\/\/chdecole.ch\/wordpress\/wp-content\/uploads\/2011\/11\/programmation-Histoire-harmos-mensuelle3.pdf\"><img loading=\"lazy\" decoding=\"async\" class=\"alignnone  wp-image-13182\" title=\"programmation Histoire harmos mensuelle3\" alt=\"\" src=\"http:\/\/chdecole.ch\/wordpress\/wp-content\/uploads\/2011\/11\/programmation-Histoire-harmos-mensuelle3.jpg\" width=\"196\" height=\"140\" srcset=\"https:\/\/chdecole.ch\/wordpress\/wp-content\/uploads\/2011\/11\/programmation-Histoire-harmos-mensuelle3.jpg 600w, https:\/\/chdecole.ch\/wordpress\/wp-content\/uploads\/2011\/11\/programmation-Histoire-harmos-mensuelle3-150x106.jpg 150w, https:\/\/chdecole.ch\/wordpress\/wp-content\/uploads\/2011\/11\/programmation-Histoire-harmos-mensuelle3-300x212.jpg 300w\" sizes=\"auto, (max-width: 196px) 100vw, 196px\" \/><\/a><a href=\"http:\/\/chdecole.ch\/wordpress\/wp-content\/uploads\/2011\/11\/programmation-Histoire-harmos-mensuelle3.pdf\"><img loading=\"lazy\" decoding=\"async\" class=\"alignnone  wp-image-13181\" title=\"programmation Histoire harmos mensuelle31\" alt=\"\" src=\"http:\/\/chdecole.ch\/wordpress\/wp-content\/uploads\/2011\/11\/programmation-Histoire-harmos-mensuelle31.jpg\" width=\"199\" height=\"140\" srcset=\"https:\/\/chdecole.ch\/wordpress\/wp-content\/uploads\/2011\/11\/programmation-Histoire-harmos-mensuelle31.jpg 600w, https:\/\/chdecole.ch\/wordpress\/wp-content\/uploads\/2011\/11\/programmation-Histoire-harmos-mensuelle31-150x106.jpg 150w, https:\/\/chdecole.ch\/wordpress\/wp-content\/uploads\/2011\/11\/programmation-Histoire-harmos-mensuelle31-300x212.jpg 300w\" sizes=\"auto, (max-width: 199px) 100vw, 199px\" \/><\/a><a href=\"http:\/\/chdecole.ch\/wordpress\/wp-content\/uploads\/2011\/11\/Attentes-fondamentales-histoire3.pdf\"><img loading=\"lazy\" decoding=\"async\" class=\"alignnone  wp-image-13190\" title=\"Attentes fondamentales histoire3\" alt=\"\" src=\"http:\/\/chdecole.ch\/wordpress\/wp-content\/uploads\/2011\/11\/Attentes-fondamentales-histoire3.jpg\" width=\"194\" height=\"137\" srcset=\"https:\/\/chdecole.ch\/wordpress\/wp-content\/uploads\/2011\/11\/Attentes-fondamentales-histoire3.jpg 600w, https:\/\/chdecole.ch\/wordpress\/wp-content\/uploads\/2011\/11\/Attentes-fondamentales-histoire3-150x106.jpg 150w, https:\/\/chdecole.ch\/wordpress\/wp-content\/uploads\/2011\/11\/Attentes-fondamentales-histoire3-300x212.jpg 300w\" sizes=\"auto, (max-width: 194px) 100vw, 194px\" \/><\/a><\/p>\n<p>Mise en page de MS et CHD<\/p>\n<p>Pour nos coll\u00e8gues romands, nous avons ins\u00e9r\u00e9 certaines indications genevoises dans ce programme<\/p>\n<p>Grille pour planifier des activit\u00e9s\u00a0 :<\/p>\n<p><a href=\"http:\/\/chdecole.ch\/wordpress\/wp-content\/uploads\/2012\/02\/planification-activites-histoire.pdf\"><img loading=\"lazy\" decoding=\"async\" class=\"alignnone size-full wp-image-12518\" title=\"planification-activites-histoire-300x212\" alt=\"\" src=\"http:\/\/chdecole.ch\/wordpress\/wp-content\/uploads\/2012\/02\/planification-activites-histoire-300x212.jpg\" width=\"300\" height=\"212\" srcset=\"https:\/\/chdecole.ch\/wordpress\/wp-content\/uploads\/2012\/02\/planification-activites-histoire-300x212.jpg 300w, https:\/\/chdecole.ch\/wordpress\/wp-content\/uploads\/2012\/02\/planification-activites-histoire-300x212-150x106.jpg 150w\" sizes=\"auto, (max-width: 300px) 100vw, 300px\" \/><\/a><\/p>\n<p><a href=\"http:\/\/ce.ecolevs.ch\/index.php\">http:\/\/ce.ecolevs.ch\/index.php<\/a> (grille de pilotage annuel)<\/p>\n<h2><span style=\"color: #339966;\">Activit\u00e9s :<\/span><\/h2>\n<p>Sc\u00e9nario p\u00e9dagogique de Patricia : <a href=\"http:\/\/chdecole.ch\/wordpress\/wp-content\/uploads\/2012\/02\/Scenario-Histoire-PS.pdf\">une journ\u00e9e d\u2019\u00e9cole<\/a><\/p>\n<p><a href=\"http:\/\/www.amazon.fr\/Feuilleton-dHerm\u00e8s-mythologie-grecque-\u00e9pisodes\/dp\/2747019268\"><img loading=\"lazy\" decoding=\"async\" class=\"alignnone  wp-image-12522\" title=\"41HQOpdXwqL._BO2,204,203,200_PIsitb-sticker-arrow-click,TopRight,35,-76_AA300_SH20_OU08_\" alt=\"\" src=\"http:\/\/chdecole.ch\/wordpress\/wp-content\/uploads\/2012\/02\/41HQOpdXwqL._BO2204203200_PIsitb-sticker-arrow-clickTopRight35-76_AA300_SH20_OU08_.jpg\" width=\"133\" height=\"133\" srcset=\"https:\/\/chdecole.ch\/wordpress\/wp-content\/uploads\/2012\/02\/41HQOpdXwqL._BO2204203200_PIsitb-sticker-arrow-clickTopRight35-76_AA300_SH20_OU08_.jpg 300w, https:\/\/chdecole.ch\/wordpress\/wp-content\/uploads\/2012\/02\/41HQOpdXwqL._BO2204203200_PIsitb-sticker-arrow-clickTopRight35-76_AA300_SH20_OU08_-150x150.jpg 150w\" sizes=\"auto, (max-width: 133px) 100vw, 133px\" \/><\/a><a href=\"http:\/\/chdecole.ch\/wordpress\/wp-content\/uploads\/2012\/02\/programmation-Histoire-harmos-Hermes2.pdf\">Et pourquoi pas lire la mythologie grecque \u00e0 travers le feuilleton d\u2019Herm\u00e8s pour aborder un certain nombre d\u2019objectifs du PER (cliquer ici pour voir le tableau)<\/a><\/p>\n<p>Liens :<\/p>\n<p><a href=\"http:\/\/chdecole.ch\/wordpress\/category\/sciences-humaines-et-sociales\/histoire\/\">http:\/\/chdecole.ch\/wordpress\/category\/sciences-humaines-et-sociales\/histoire\/<\/a><\/p>\n","protected":false},"excerpt":{"rendered":"<p>Ces documents sont encore en construction, il s&rsquo;agit d&rsquo;une autre pr\u00e9sentation du PER et non de documents officiels. Mise en page de MS et CHD Pour nos coll\u00e8gues romands, nous avons ins\u00e9r\u00e9 certaines indications genevoises dans ce programme Grille pour planifier des activit\u00e9s\u00a0 : http:\/\/ce.ecolevs.ch\/index.php (grille de pilotage annuel) Activit\u00e9s : Sc\u00e9nario p\u00e9dagogique de Patricia [&hellip;]<\/p>\n","protected":false},"author":1,"featured_media":0,"comment_status":"open","ping_status":"open","sticky":false,"template":"","format":"standard","meta":{"site-sidebar-layout":"default","site-content-layout":"","ast-site-content-layout":"","site-content-style":"default","site-sidebar-style":"default","ast-global-header-display":"","ast-banner-title-visibility":"","ast-main-header-display":"","ast-hfb-above-header-display":"","ast-hfb-below-header-display":"","ast-hfb-mobile-header-display":"","site-post-title":"","ast-breadcrumbs-content":"","ast-featured-img":"","footer-sml-layout":"","theme-transparent-header-meta":"","adv-header-id-meta":"","stick-header-meta":"","header-above-stick-meta":"","header-main-stick-meta":"","header-below-stick-meta":"","astra-migrate-meta-layouts":"default","ast-page-background-enabled":"default","ast-page-background-meta":{"desktop":{"background-color":"var(--ast-global-color-5)","background-image":"","background-repeat":"repeat","background-position":"center center","background-size":"auto","background-attachment":"scroll","background-type":"","background-media":"","overlay-type":"","overlay-color":"","overlay-opacity":"","overlay-gradient":""},"tablet":{"background-color":"","background-image":"","background-repeat":"repeat","background-position":"center center","background-size":"auto","background-attachment":"scroll","background-type":"","background-media":"","overlay-type":"","overlay-color":"","overlay-opacity":"","overlay-gradient":""},"mobile":{"background-color":"","background-image":"","background-repeat":"repeat","background-position":"center center","background-size":"auto","background-attachment":"scroll","background-type":"","background-media":"","overlay-type":"","overlay-color":"","overlay-opacity":"","overlay-gradient":""}},"ast-content-background-meta":{"desktop":{"background-color":"var(--ast-global-color-4)","background-image":"","background-repeat":"repeat","background-position":"center center","background-size":"auto","background-attachment":"scroll","background-type":"","background-media":"","overlay-type":"","overlay-color":"","overlay-opacity":"","overlay-gradient":""},"tablet":{"background-color":"var(--ast-global-color-4)","background-image":"","background-repeat":"repeat","background-position":"center center","background-size":"auto","background-attachment":"scroll","background-type":"","background-media":"","overlay-type":"","overlay-color":"","overlay-opacity":"","overlay-gradient":""},"mobile":{"background-color":"var(--ast-global-color-4)","background-image":"","background-repeat":"repeat","background-position":"center center","background-size":"auto","background-attachment":"scroll","background-type":"","background-media":"","overlay-type":"","overlay-color":"","overlay-opacity":"","overlay-gradient":""}},"jetpack_post_was_ever_published":false,"_jetpack_newsletter_access":"","_jetpack_dont_email_post_to_subs":false,"_jetpack_newsletter_tier_id":0,"_jetpack_memberships_contains_paywalled_content":false,"_jetpack_memberships_contains_paid_content":false,"footnotes":""},"categories":[3,4,5,6,49,110,101,81,48,107],"tags":[],"class_list":["post-12512","post","type-post","status-publish","format-standard","hentry","category-1p-1ere-enfantine","category-2p-2eme-enfantinegs","category-3p-1ere-primairecp","category-4p-2eme-primairece1","category-chd","category-histoire","category-per-plan-detude-romand","category-planif","category-fait-maison","category-sciences-humaines-et-sociales"],"jetpack_sharing_enabled":true,"jetpack_featured_media_url":"","jetpack_shortlink":"https:\/\/wp.me\/p26z6q-3fO","_links":{"self":[{"href":"https:\/\/chdecole.ch\/wordpress\/wp-json\/wp\/v2\/posts\/12512","targetHints":{"allow":["GET"]}}],"collection":[{"href":"https:\/\/chdecole.ch\/wordpress\/wp-json\/wp\/v2\/posts"}],"about":[{"href":"https:\/\/chdecole.ch\/wordpress\/wp-json\/wp\/v2\/types\/post"}],"author":[{"embeddable":true,"href":"https:\/\/chdecole.ch\/wordpress\/wp-json\/wp\/v2\/users\/1"}],"replies":[{"embeddable":true,"href":"https:\/\/chdecole.ch\/wordpress\/wp-json\/wp\/v2\/comments?post=12512"}],"version-history":[{"count":12,"href":"https:\/\/chdecole.ch\/wordpress\/wp-json\/wp\/v2\/posts\/12512\/revisions"}],"predecessor-version":[{"id":21555,"href":"https:\/\/chdecole.ch\/wordpress\/wp-json\/wp\/v2\/posts\/12512\/revisions\/21555"}],"wp:attachment":[{"href":"https:\/\/chdecole.ch\/wordpress\/wp-json\/wp\/v2\/media?parent=12512"}],"wp:term":[{"taxonomy":"category","embeddable":true,"href":"https:\/\/chdecole.ch\/wordpress\/wp-json\/wp\/v2\/categories?post=12512"},{"taxonomy":"post_tag","embeddable":true,"href":"https:\/\/chdecole.ch\/wordpress\/wp-json\/wp\/v2\/tags?post=12512"}],"curies":[{"name":"wp","href":"https:\/\/api.w.org\/{rel}","templated":true}]}}