{"id":12532,"date":"2011-11-27T21:59:10","date_gmt":"2011-11-27T20:59:10","guid":{"rendered":"http:\/\/chdecole.ch\/wordpress\/?p=12532"},"modified":"2013-01-31T22:16:50","modified_gmt":"2013-01-31T21:16:50","slug":"sciences-de-la-nature-programme-per","status":"publish","type":"post","link":"https:\/\/chdecole.ch\/wordpress\/sciences-de-la-nature-programme-per\/","title":{"rendered":"Sciences de la nature (programme PER)"},"content":{"rendered":"<p><span style=\"color: #ff6600;\">Ces documents sont encore en construction, il s&rsquo;agit d&rsquo;une autre pr\u00e9sentation du PER et non de documents officiels.<\/span><\/p>\n<h2>Ph\u00e9nom\u00e8nes naturels et techniques :<\/h2>\n<p><a href=\"http:\/\/chdecole.ch\/wordpress\/wp-content\/uploads\/2011\/11\/programmation-sciences-de-la-nature-phenomenes-techniques-harmos-.pdf\"><img loading=\"lazy\" decoding=\"async\" class=\"alignnone  wp-image-15426\" title=\"programmation sciences de la nature phenomenes techniques harmos 1p-2p\" alt=\"\" src=\"http:\/\/chdecole.ch\/wordpress\/wp-content\/uploads\/2011\/11\/programmation-sciences-de-la-nature-phenomenes-techniques-harmos-1p-2p--300x212.jpg\" width=\"184\" height=\"155\" \/><\/a><a href=\"http:\/\/chdecole.ch\/wordpress\/wp-content\/uploads\/2011\/11\/programmation-sciences-de-la-nature-phenomenes-techniques-harmos-.pdf\"><img loading=\"lazy\" decoding=\"async\" class=\"alignnone  wp-image-15426\" title=\"programmation sciences de la nature phenomenes techniques harmos 1p-2p\" alt=\"\" src=\"http:\/\/chdecole.ch\/wordpress\/wp-content\/uploads\/2011\/11\/programmation-sciences-de-la-nature-phenomenes-techniques-harmos-1p-2p--300x212.jpg\" width=\"217\" height=\"154\" srcset=\"https:\/\/chdecole.ch\/wordpress\/wp-content\/uploads\/2011\/11\/programmation-sciences-de-la-nature-phenomenes-techniques-harmos-1p-2p--300x212.jpg 300w, https:\/\/chdecole.ch\/wordpress\/wp-content\/uploads\/2011\/11\/programmation-sciences-de-la-nature-phenomenes-techniques-harmos-1p-2p--150x106.jpg 150w, https:\/\/chdecole.ch\/wordpress\/wp-content\/uploads\/2011\/11\/programmation-sciences-de-la-nature-phenomenes-techniques-harmos-1p-2p-.jpg 600w\" sizes=\"auto, (max-width: 217px) 100vw, 217px\" \/><\/a><a href=\"http:\/\/chdecole.ch\/wordpress\/wp-content\/uploads\/2011\/11\/Attentes-fondamentales-sciences-de-la-nature-phenomenes-techniques-PER3.pdf\"><img loading=\"lazy\" decoding=\"async\" class=\"alignnone  wp-image-15432\" title=\"Attentes-fondamentales-sciences-de-la-nature-phenomenes-techniques-PER3\" alt=\"\" src=\"http:\/\/chdecole.ch\/wordpress\/wp-content\/uploads\/2011\/11\/Attentes-fondamentales-sciences-de-la-nature-phenomenes-techniques-PER3-300x212.jpg\" width=\"219\" height=\"155\" srcset=\"https:\/\/chdecole.ch\/wordpress\/wp-content\/uploads\/2011\/11\/Attentes-fondamentales-sciences-de-la-nature-phenomenes-techniques-PER3-300x212.jpg 300w, https:\/\/chdecole.ch\/wordpress\/wp-content\/uploads\/2011\/11\/Attentes-fondamentales-sciences-de-la-nature-phenomenes-techniques-PER3-150x106.jpg 150w, https:\/\/chdecole.ch\/wordpress\/wp-content\/uploads\/2011\/11\/Attentes-fondamentales-sciences-de-la-nature-phenomenes-techniques-PER3.jpg 600w\" sizes=\"auto, (max-width: 219px) 100vw, 219px\" \/><\/a><\/p>\n<p><a href=\"http:\/\/chdecole.ch\/wordpress\/wp-content\/uploads\/2011\/11\/planification-activites-phenomenes-naturels-et-techniques-1P-2P.pdf\"><img loading=\"lazy\" decoding=\"async\" class=\"alignnone size-full wp-image-12581\" title=\"planification-activites-phenomenes-naturels-et-techniques-1P-2P-150x106\" alt=\"\" src=\"http:\/\/chdecole.ch\/wordpress\/wp-content\/uploads\/2011\/11\/planification-activites-phenomenes-naturels-et-techniques-1P-2P-150x106.jpg\" width=\"150\" height=\"106\" \/><\/a><a href=\"http:\/\/chdecole.ch\/wordpress\/wp-content\/uploads\/2012\/02\/planification-activites-phenomenes-naturels-et-techniques-3P.pdf\"><img loading=\"lazy\" decoding=\"async\" class=\"alignnone size-full wp-image-12541\" title=\"planification-activites-phenomenes-naturels-et-techniques-3P-150x106-1\" alt=\"\" src=\"http:\/\/chdecole.ch\/wordpress\/wp-content\/uploads\/2012\/02\/planification-activites-phenomenes-naturels-et-techniques-3P-150x106-1.jpg\" width=\"150\" height=\"106\" \/><\/a><a href=\"http:\/\/chdecole.ch\/wordpress\/wp-content\/uploads\/2012\/02\/planification-activites-phenomenes-naturels-et-techniques-4P.pdf\"><img loading=\"lazy\" decoding=\"async\" class=\"alignnone size-full wp-image-12542\" title=\"planification-activites-phenomenes-naturels-et-techniques-4P-150x106\" alt=\"\" src=\"http:\/\/chdecole.ch\/wordpress\/wp-content\/uploads\/2012\/02\/planification-activites-phenomenes-naturels-et-techniques-4P-150x106.jpg\" width=\"150\" height=\"106\" \/><\/a><\/p>\n<h2>Corps Humain :<\/h2>\n<p><a href=\"http:\/\/chdecole.ch\/wordpress\/wp-content\/uploads\/2011\/11\/programmation-sciences-de-la-nature-corps-humain-harmos3-.pdf\"><img loading=\"lazy\" decoding=\"async\" class=\"alignnone  wp-image-13119\" title=\"programmation sciences de la nature corps humain harmos3\" alt=\"\" src=\"http:\/\/chdecole.ch\/wordpress\/wp-content\/uploads\/2011\/11\/programmation-sciences-de-la-nature-corps-humain-harmos3-.jpg\" width=\"200\" height=\"141\" srcset=\"https:\/\/chdecole.ch\/wordpress\/wp-content\/uploads\/2011\/11\/programmation-sciences-de-la-nature-corps-humain-harmos3-.jpg 600w, https:\/\/chdecole.ch\/wordpress\/wp-content\/uploads\/2011\/11\/programmation-sciences-de-la-nature-corps-humain-harmos3--150x106.jpg 150w, https:\/\/chdecole.ch\/wordpress\/wp-content\/uploads\/2011\/11\/programmation-sciences-de-la-nature-corps-humain-harmos3--300x212.jpg 300w\" sizes=\"auto, (max-width: 200px) 100vw, 200px\" \/><\/a><a href=\"http:\/\/chdecole.ch\/wordpress\/wp-content\/uploads\/2011\/11\/programmation-sciences-de-la-nature-corps-humain-harmos3-.pdf\"><img loading=\"lazy\" decoding=\"async\" class=\"alignnone  wp-image-13118\" title=\"programmation sciences de la nature corps humain harmos31\" alt=\"\" src=\"http:\/\/chdecole.ch\/wordpress\/wp-content\/uploads\/2011\/11\/programmation-sciences-de-la-nature-corps-humain-harmos31-.jpg\" width=\"198\" height=\"140\" srcset=\"https:\/\/chdecole.ch\/wordpress\/wp-content\/uploads\/2011\/11\/programmation-sciences-de-la-nature-corps-humain-harmos31-.jpg 600w, https:\/\/chdecole.ch\/wordpress\/wp-content\/uploads\/2011\/11\/programmation-sciences-de-la-nature-corps-humain-harmos31--150x106.jpg 150w, https:\/\/chdecole.ch\/wordpress\/wp-content\/uploads\/2011\/11\/programmation-sciences-de-la-nature-corps-humain-harmos31--300x212.jpg 300w\" sizes=\"auto, (max-width: 198px) 100vw, 198px\" \/><\/a><a href=\"http:\/\/chdecole.ch\/wordpress\/wp-content\/uploads\/2011\/11\/Attentes-fondamentales-sciences-de-la-nature-corps-humain-PER3-.pdf\"><img loading=\"lazy\" decoding=\"async\" class=\"alignnone  wp-image-13127\" title=\"Attentes fondamentales sciences de la nature corps humain PER3\" alt=\"\" src=\"http:\/\/chdecole.ch\/wordpress\/wp-content\/uploads\/2011\/11\/Attentes-fondamentales-sciences-de-la-nature-corps-humain-PER3-.jpg\" width=\"173\" height=\"121\" srcset=\"https:\/\/chdecole.ch\/wordpress\/wp-content\/uploads\/2011\/11\/Attentes-fondamentales-sciences-de-la-nature-corps-humain-PER3-.jpg 600w, https:\/\/chdecole.ch\/wordpress\/wp-content\/uploads\/2011\/11\/Attentes-fondamentales-sciences-de-la-nature-corps-humain-PER3--150x106.jpg 150w, https:\/\/chdecole.ch\/wordpress\/wp-content\/uploads\/2011\/11\/Attentes-fondamentales-sciences-de-la-nature-corps-humain-PER3--300x212.jpg 300w\" sizes=\"auto, (max-width: 173px) 100vw, 173px\" \/><\/a><\/p>\n<p><a href=\"http:\/\/chdecole.ch\/wordpress\/wp-content\/uploads\/2012\/02\/planification-activites-corps-humain-1P-2P.pdf\"><img loading=\"lazy\" decoding=\"async\" class=\"alignnone size-full wp-image-12549\" title=\"planification-activites-corps-humain-1P-2P-150x106\" alt=\"\" src=\"http:\/\/chdecole.ch\/wordpress\/wp-content\/uploads\/2012\/02\/planification-activites-corps-humain-1P-2P-150x106.jpg\" width=\"150\" height=\"106\" \/><\/a><a href=\"http:\/\/chdecole.ch\/wordpress\/wp-content\/uploads\/2012\/02\/planification-activites-corps-humain-3P.pdf\"><img loading=\"lazy\" decoding=\"async\" class=\"alignnone size-full wp-image-12553\" title=\"planification-activites-corps-humain-3P-150x106\" alt=\"\" src=\"http:\/\/chdecole.ch\/wordpress\/wp-content\/uploads\/2012\/02\/planification-activites-corps-humain-3P-150x106.jpg\" width=\"150\" height=\"106\" \/><\/a><a href=\"http:\/\/chdecole.ch\/wordpress\/wp-content\/uploads\/2012\/02\/planification-activites-corps-humain-4P.pdf\"><img loading=\"lazy\" decoding=\"async\" class=\"alignnone size-full wp-image-12551\" title=\"planification-activites-corps-humain-4P-150x106\" alt=\"\" src=\"http:\/\/chdecole.ch\/wordpress\/wp-content\/uploads\/2012\/02\/planification-activites-corps-humain-4P-150x106.jpg\" width=\"150\" height=\"106\" \/><\/a><\/p>\n<h2>Diversit\u00e9 du vivant :<\/h2>\n<p><a href=\"http:\/\/chdecole.ch\/wordpress\/wp-content\/uploads\/2011\/11\/programmation-sciences-de-la-nature-diversite-du-vivant-harmos-3.pdf\"><img loading=\"lazy\" decoding=\"async\" class=\"alignnone  wp-image-15437\" title=\"programmation-sciences-de-la-nature-diversite-du-vivant-harmos-3\" alt=\"\" src=\"http:\/\/chdecole.ch\/wordpress\/wp-content\/uploads\/2011\/11\/programmation-sciences-de-la-nature-diversite-du-vivant-harmos-3-300x212.jpg\" width=\"158\" height=\"111\" srcset=\"https:\/\/chdecole.ch\/wordpress\/wp-content\/uploads\/2011\/11\/programmation-sciences-de-la-nature-diversite-du-vivant-harmos-3-300x212.jpg 300w, https:\/\/chdecole.ch\/wordpress\/wp-content\/uploads\/2011\/11\/programmation-sciences-de-la-nature-diversite-du-vivant-harmos-3-150x106.jpg 150w, https:\/\/chdecole.ch\/wordpress\/wp-content\/uploads\/2011\/11\/programmation-sciences-de-la-nature-diversite-du-vivant-harmos-3.jpg 600w\" sizes=\"auto, (max-width: 158px) 100vw, 158px\" \/><\/a> <a href=\"http:\/\/chdecole.ch\/wordpress\/wp-content\/uploads\/2011\/11\/programmation-sciences-de-la-nature-diversite-du-vivant-harmos-3.pdf\"><img loading=\"lazy\" decoding=\"async\" class=\"alignnone  wp-image-15436\" title=\"programmation-sciences-de-la-nature-diversite-du-vivant-harmos-3p-4p\" alt=\"\" src=\"http:\/\/chdecole.ch\/wordpress\/wp-content\/uploads\/2011\/11\/programmation-sciences-de-la-nature-diversite-du-vivant-harmos-3p-4p-300x212.jpg\" width=\"154\" height=\"107\" \/><\/a><a href=\"http:\/\/chdecole.ch\/wordpress\/wp-content\/uploads\/2011\/11\/Attentes-fondamentales-sciences-de-la-nature-diversite-du-vivant-PER-3-.pdf\"><img loading=\"lazy\" decoding=\"async\" class=\"alignnone  wp-image-15442\" title=\"Attentes-fondamentales-sciences-de-la-nature-diversite-du-vivant-PER-3-\" alt=\"\" src=\"http:\/\/chdecole.ch\/wordpress\/wp-content\/uploads\/2011\/11\/Attentes-fondamentales-sciences-de-la-nature-diversite-du-vivant-PER-3--300x212.jpg\" width=\"149\" height=\"105\" srcset=\"https:\/\/chdecole.ch\/wordpress\/wp-content\/uploads\/2011\/11\/Attentes-fondamentales-sciences-de-la-nature-diversite-du-vivant-PER-3--300x212.jpg 300w, https:\/\/chdecole.ch\/wordpress\/wp-content\/uploads\/2011\/11\/Attentes-fondamentales-sciences-de-la-nature-diversite-du-vivant-PER-3--150x106.jpg 150w, https:\/\/chdecole.ch\/wordpress\/wp-content\/uploads\/2011\/11\/Attentes-fondamentales-sciences-de-la-nature-diversite-du-vivant-PER-3-.jpg 600w\" sizes=\"auto, (max-width: 149px) 100vw, 149px\" \/><\/a><a href=\"http:\/\/chdecole.ch\/wordpress\/wp-content\/uploads\/2011\/11\/a62d7aa414c02e8128ccc2813d11378b.doc\"><img loading=\"lazy\" decoding=\"async\" title=\"mod_article5381049_1\" alt=\"\" src=\"http:\/\/chdecole.ch\/wordpress\/wp-content\/uploads\/2011\/08\/mod_article5381049_1-150x44.png\" width=\"97\" height=\"28\" \/><\/a><\/p>\n<h2><a href=\"http:\/\/chdecole.ch\/wordpress\/wp-content\/uploads\/2011\/11\/planification-activites-diversite-du-vivant-1P-2P.pdf\"><img loading=\"lazy\" decoding=\"async\" class=\"alignnone  wp-image-12562\" title=\"planification-activites-diversite-du-vivant-1P-2P-150x106\" alt=\"\" src=\"http:\/\/chdecole.ch\/wordpress\/wp-content\/uploads\/2012\/02\/planification-activites-diversite-du-vivant-1P-2P-150x106.jpg\" width=\"150\" height=\"106\" \/><\/a><a href=\"http:\/\/chdecole.ch\/wordpress\/wp-content\/uploads\/2012\/02\/planification-activites-diversite-du-vivant-3P.pdf\"><img loading=\"lazy\" decoding=\"async\" class=\"alignnone size-full wp-image-12564\" title=\"planification-activites-diversite-du-vivant-3P-150x106\" alt=\"\" src=\"http:\/\/chdecole.ch\/wordpress\/wp-content\/uploads\/2012\/02\/planification-activites-diversite-du-vivant-3P-150x106.jpg\" width=\"150\" height=\"106\" \/><\/a><a href=\"http:\/\/chdecole.ch\/wordpress\/wp-content\/uploads\/2012\/02\/planification-activites-diversite-du-vivant-4P.pdf\"><img loading=\"lazy\" decoding=\"async\" class=\"alignnone size-full wp-image-12566\" title=\"planification-activites-diversite-du-vivant-4P-150x106\" alt=\"\" src=\"http:\/\/chdecole.ch\/wordpress\/wp-content\/uploads\/2012\/02\/planification-activites-diversite-du-vivant-4P-150x106.jpg\" width=\"150\" height=\"106\" \/><\/a><\/h2>\n<p>Proposition de planification :<\/p>\n<p><a href=\"http:\/\/chdecole.ch\/wordpress\/wp-content\/uploads\/2011\/11\/Planification-activites-1P-2P-sciences-de-la-nature-PER.pdf\"><img loading=\"lazy\" decoding=\"async\" class=\"alignnone size-thumbnail wp-image-16002\" title=\"Planification activites 1P 2P sciences de la nature PER\" alt=\"\" src=\"http:\/\/chdecole.ch\/wordpress\/wp-content\/uploads\/2011\/11\/Planification-activites-1P-2P-sciences-de-la-nature-PER-150x106.jpg\" width=\"150\" height=\"106\" srcset=\"https:\/\/chdecole.ch\/wordpress\/wp-content\/uploads\/2011\/11\/Planification-activites-1P-2P-sciences-de-la-nature-PER-150x106.jpg 150w, https:\/\/chdecole.ch\/wordpress\/wp-content\/uploads\/2011\/11\/Planification-activites-1P-2P-sciences-de-la-nature-PER-300x212.jpg 300w, https:\/\/chdecole.ch\/wordpress\/wp-content\/uploads\/2011\/11\/Planification-activites-1P-2P-sciences-de-la-nature-PER.jpg 600w\" sizes=\"auto, (max-width: 150px) 100vw, 150px\" \/><\/a> <a href=\"http:\/\/chdecole.ch\/wordpress\/wp-content\/uploads\/2011\/11\/Planification-activites-3P-4P-sciences-de-la-nature-PER.pdf\"><img loading=\"lazy\" decoding=\"async\" class=\"alignnone size-thumbnail wp-image-16000\" title=\"Planification activites 3P 4P sciences de la nature PER\" alt=\"\" src=\"http:\/\/chdecole.ch\/wordpress\/wp-content\/uploads\/2011\/11\/Planification-activites-3P-4P-sciences-de-la-nature-PER-150x106.jpg\" width=\"150\" height=\"106\" srcset=\"https:\/\/chdecole.ch\/wordpress\/wp-content\/uploads\/2011\/11\/Planification-activites-3P-4P-sciences-de-la-nature-PER-150x106.jpg 150w, https:\/\/chdecole.ch\/wordpress\/wp-content\/uploads\/2011\/11\/Planification-activites-3P-4P-sciences-de-la-nature-PER-300x212.jpg 300w, https:\/\/chdecole.ch\/wordpress\/wp-content\/uploads\/2011\/11\/Planification-activites-3P-4P-sciences-de-la-nature-PER.jpg 600w\" sizes=\"auto, (max-width: 150px) 100vw, 150px\" \/><\/a> <a href=\"http:\/\/chdecole.ch\/wordpress\/wp-content\/uploads\/2012\/02\/Nouveau-63.gif\"><img loading=\"lazy\" decoding=\"async\" class=\"alignnone  wp-image-14212\" title=\"Nouveau-63\" alt=\"\" src=\"http:\/\/chdecole.ch\/wordpress\/wp-content\/uploads\/2012\/02\/Nouveau-63.gif\" width=\"96\" height=\"32\" \/>\u00a0<\/a><a href=\"http:\/\/chdecole.ch\/wordpress\/wp-content\/uploads\/2011\/11\/Planification-activites-1P-2P-sciences-de-la-nature-PERvierge.doc\"><img loading=\"lazy\" decoding=\"async\" title=\"mod_article5381049_1\" alt=\"\" src=\"http:\/\/chdecole.ch\/wordpress\/wp-content\/uploads\/2011\/08\/mod_article5381049_1-150x44.png\" width=\"97\" height=\"28\" \/><\/a><\/p>\n<p>&nbsp;<\/p>\n<p>Support de planification propos\u00e9 par Rachel pour 1P-2P<\/p>\n<p>A c\u00f4t\u00e9 de chaque objectif, se trouve des cases mois \u00e0 colorier au fur et \u00e0 mesure<a href=\"http:\/\/chdecole.ch\/wordpress\/wp-content\/uploads\/2012\/02\/planification-PER-msn2.pdf\"><img loading=\"lazy\" decoding=\"async\" class=\"alignnone size-full wp-image-12568\" title=\"msn\" alt=\"\" src=\"http:\/\/chdecole.ch\/wordpress\/wp-content\/uploads\/2012\/02\/msn.png\" width=\"543\" height=\"158\" srcset=\"https:\/\/chdecole.ch\/wordpress\/wp-content\/uploads\/2012\/02\/msn.png 543w, https:\/\/chdecole.ch\/wordpress\/wp-content\/uploads\/2012\/02\/msn-150x43.png 150w, https:\/\/chdecole.ch\/wordpress\/wp-content\/uploads\/2012\/02\/msn-300x87.png 300w\" sizes=\"auto, (max-width: 543px) 100vw, 543px\" \/><\/a><\/p>\n<p>Liens :<\/p>\n<p><a href=\"http:\/\/educasciences.ning.com\/notes\/S\u00e9quences_MSN_-_2011\">sur educasciences<\/a><\/p>\n<p><a href=\"http:\/\/ce.ecolevs.ch\/index.php\">http:\/\/ce.ecolevs.ch\/index.php<\/a> (grille de pilotage annuel)<\/p>\n<p><a href=\"http:\/\/www.squidoo.com\/physicslapbook\">http:\/\/www.squidoo.com\/physicslapbook<\/a><\/p>\n<p><a href=\"http:\/\/chdecole.ch\/wordpress\/category\/sciences-de-la-nature\/\">http:\/\/chdecole.ch\/wordpress\/category\/sciences-de-la-nature\/\u00a0<\/a><\/p>\n<p><a href=\"http:\/\/laclassedezazou.eklablog.com\/carnet-calendrier-et-meteo-a46711181\">http:\/\/laclassedezazou.eklablog.com\/carnet-calendrier-et-meteo-a46711181<\/a><\/p>\n<p><a href=\"http:\/\/kalolanea.hautetfort.com\/archive\/2012\/08\/12\/carnet-calendrier-pour-l-annee-scolaire-2012-2013.html\">http:\/\/kalolanea.hautetfort.com\/archive\/2012\/08\/12\/carnet-calendrier-pour-l-annee-scolaire-2012-2013.html<\/a><\/p>\n","protected":false},"excerpt":{"rendered":"<p>Ces documents sont encore en construction, il s&rsquo;agit d&rsquo;une autre pr\u00e9sentation du PER et non de documents officiels. Ph\u00e9nom\u00e8nes naturels et techniques : Corps Humain : Diversit\u00e9 du vivant : Proposition de planification : \u00a0 &nbsp; Support de planification propos\u00e9 par Rachel pour 1P-2P A c\u00f4t\u00e9 de chaque objectif, se trouve des cases mois \u00e0 [&hellip;]<\/p>\n","protected":false},"author":1,"featured_media":0,"comment_status":"open","ping_status":"open","sticky":false,"template":"","format":"standard","meta":{"site-sidebar-layout":"default","site-content-layout":"","ast-site-content-layout":"","site-content-style":"default","site-sidebar-style":"default","ast-global-header-display":"","ast-banner-title-visibility":"","ast-main-header-display":"","ast-hfb-above-header-display":"","ast-hfb-below-header-display":"","ast-hfb-mobile-header-display":"","site-post-title":"","ast-breadcrumbs-content":"","ast-featured-img":"","footer-sml-layout":"","theme-transparent-header-meta":"","adv-header-id-meta":"","stick-header-meta":"","header-above-stick-meta":"","header-main-stick-meta":"","header-below-stick-meta":"","astra-migrate-meta-layouts":"default","ast-page-background-enabled":"default","ast-page-background-meta":{"desktop":{"background-color":"var(--ast-global-color-5)","background-image":"","background-repeat":"repeat","background-position":"center center","background-size":"auto","background-attachment":"scroll","background-type":"","background-media":"","overlay-type":"","overlay-color":"","overlay-opacity":"","overlay-gradient":""},"tablet":{"background-color":"","background-image":"","background-repeat":"repeat","background-position":"center center","background-size":"auto","background-attachment":"scroll","background-type":"","background-media":"","overlay-type":"","overlay-color":"","overlay-opacity":"","overlay-gradient":""},"mobile":{"background-color":"","background-image":"","background-repeat":"repeat","background-position":"center center","background-size":"auto","background-attachment":"scroll","background-type":"","background-media":"","overlay-type":"","overlay-color":"","overlay-opacity":"","overlay-gradient":""}},"ast-content-background-meta":{"desktop":{"background-color":"var(--ast-global-color-4)","background-image":"","background-repeat":"repeat","background-position":"center center","background-size":"auto","background-attachment":"scroll","background-type":"","background-media":"","overlay-type":"","overlay-color":"","overlay-opacity":"","overlay-gradient":""},"tablet":{"background-color":"var(--ast-global-color-4)","background-image":"","background-repeat":"repeat","background-position":"center center","background-size":"auto","background-attachment":"scroll","background-type":"","background-media":"","overlay-type":"","overlay-color":"","overlay-opacity":"","overlay-gradient":""},"mobile":{"background-color":"var(--ast-global-color-4)","background-image":"","background-repeat":"repeat","background-position":"center center","background-size":"auto","background-attachment":"scroll","background-type":"","background-media":"","overlay-type":"","overlay-color":"","overlay-opacity":"","overlay-gradient":""}},"jetpack_post_was_ever_published":false,"_jetpack_newsletter_access":"","_jetpack_dont_email_post_to_subs":false,"_jetpack_newsletter_tier_id":0,"_jetpack_memberships_contains_paywalled_content":false,"_jetpack_memberships_contains_paid_content":false,"footnotes":""},"categories":[49,103,105,101,106,81,48,102],"tags":[],"class_list":["post-12532","post","type-post","status-publish","format-standard","hentry","category-chd","category-corps-humain","category-diversite-du-vivant","category-per-plan-detude-romand","category-phenomenes-naturels-et-techniques","category-planif","category-fait-maison","category-sciences-de-la-nature"],"jetpack_sharing_enabled":true,"jetpack_featured_media_url":"","jetpack_shortlink":"https:\/\/wp.me\/p26z6q-3g8","_links":{"self":[{"href":"https:\/\/chdecole.ch\/wordpress\/wp-json\/wp\/v2\/posts\/12532","targetHints":{"allow":["GET"]}}],"collection":[{"href":"https:\/\/chdecole.ch\/wordpress\/wp-json\/wp\/v2\/posts"}],"about":[{"href":"https:\/\/chdecole.ch\/wordpress\/wp-json\/wp\/v2\/types\/post"}],"author":[{"embeddable":true,"href":"https:\/\/chdecole.ch\/wordpress\/wp-json\/wp\/v2\/users\/1"}],"replies":[{"embeddable":true,"href":"https:\/\/chdecole.ch\/wordpress\/wp-json\/wp\/v2\/comments?post=12532"}],"version-history":[{"count":38,"href":"https:\/\/chdecole.ch\/wordpress\/wp-json\/wp\/v2\/posts\/12532\/revisions"}],"predecessor-version":[{"id":21554,"href":"https:\/\/chdecole.ch\/wordpress\/wp-json\/wp\/v2\/posts\/12532\/revisions\/21554"}],"wp:attachment":[{"href":"https:\/\/chdecole.ch\/wordpress\/wp-json\/wp\/v2\/media?parent=12532"}],"wp:term":[{"taxonomy":"category","embeddable":true,"href":"https:\/\/chdecole.ch\/wordpress\/wp-json\/wp\/v2\/categories?post=12532"},{"taxonomy":"post_tag","embeddable":true,"href":"https:\/\/chdecole.ch\/wordpress\/wp-json\/wp\/v2\/tags?post=12532"}],"curies":[{"name":"wp","href":"https:\/\/api.w.org\/{rel}","templated":true}]}}