{"id":17076,"date":"2012-08-29T13:22:40","date_gmt":"2012-08-29T11:22:40","guid":{"rendered":"http:\/\/chdecole.ch\/wordpress\/?p=17076"},"modified":"2014-07-25T09:22:12","modified_gmt":"2014-07-25T07:22:12","slug":"partage","status":"publish","type":"post","link":"https:\/\/chdecole.ch\/wordpress\/partage\/","title":{"rendered":"Partage ? Le vestiaire, les cahiers et les sous-mains &#8230;"},"content":{"rendered":"<p><a href=\"http:\/\/www.tagxedo.com\/image\/c6bce096fff849eb\"><img loading=\"lazy\" decoding=\"async\" class=\"alignnone\" src=\"http:\/\/www.tagxedo.com\/image\/c6bce096fff849eb\" alt=\"\" width=\"200\" height=\"200\" \/><\/a> envie de partager vos id\u00e9es de rentr\u00e9e&#8230;<\/p>\n<p>Je publierais volontiers vos photos de vestiaire, couverture de cahier et sous-mains<\/p>\n<p>Merci \u00e0 C\u00e9line pour cette premi\u00e8re proposition (cliquer sur l&rsquo;image pour lire les explications)<\/p>\n<p><a href=\"http:\/\/chdecole.ch\/wordpress\/wp-content\/uploads\/2012\/08\/Courverture-de-cahier-1.pdf\"><img loading=\"lazy\" decoding=\"async\" class=\"alignnone size-medium wp-image-17114\" title=\"archive 007\" src=\"http:\/\/chdecole.ch\/wordpress\/wp-content\/uploads\/2012\/08\/archive-007-300x225.jpg\" alt=\"\" width=\"300\" height=\"225\" srcset=\"https:\/\/chdecole.ch\/wordpress\/wp-content\/uploads\/2012\/08\/archive-007-300x225.jpg 300w, https:\/\/chdecole.ch\/wordpress\/wp-content\/uploads\/2012\/08\/archive-007-150x112.jpg 150w, https:\/\/chdecole.ch\/wordpress\/wp-content\/uploads\/2012\/08\/archive-007.jpg 600w\" sizes=\"auto, (max-width: 300px) 100vw, 300px\" \/><\/a><\/p>\n<p>2 id\u00e9es de couvertures de cahier propos\u00e9es par Christine :<\/p>\n<p><a href=\"http:\/\/chdecole.ch\/wordpress\/wp-content\/uploads\/2012\/08\/taches.pdf\"><img loading=\"lazy\" decoding=\"async\" class=\"alignnone size-medium wp-image-17354\" title=\"P1000678-1\" src=\"http:\/\/chdecole.ch\/wordpress\/wp-content\/uploads\/2012\/08\/P1000678-1-216x300.jpg\" alt=\"\" width=\"216\" height=\"300\" srcset=\"https:\/\/chdecole.ch\/wordpress\/wp-content\/uploads\/2012\/08\/P1000678-1-216x300.jpg 216w, https:\/\/chdecole.ch\/wordpress\/wp-content\/uploads\/2012\/08\/P1000678-1-108x150.jpg 108w, https:\/\/chdecole.ch\/wordpress\/wp-content\/uploads\/2012\/08\/P1000678-1.jpg 231w\" sizes=\"auto, (max-width: 216px) 100vw, 216px\" \/><\/a> <img loading=\"lazy\" decoding=\"async\" class=\"alignnone size-medium wp-image-17355\" title=\"P1000673\" src=\"http:\/\/chdecole.ch\/wordpress\/wp-content\/uploads\/2012\/08\/P1000673-300x219.jpg\" alt=\"\" width=\"300\" height=\"219\" srcset=\"https:\/\/chdecole.ch\/wordpress\/wp-content\/uploads\/2012\/08\/P1000673-300x219.jpg 300w, https:\/\/chdecole.ch\/wordpress\/wp-content\/uploads\/2012\/08\/P1000673-150x109.jpg 150w, https:\/\/chdecole.ch\/wordpress\/wp-content\/uploads\/2012\/08\/P1000673.jpg 320w\" sizes=\"auto, (max-width: 300px) 100vw, 300px\" \/><\/p>\n<p>Une id\u00e9e propos\u00e9e par C\u00e9line :<\/p>\n<p><a href=\"http:\/\/chdecole.ch\/wordpress\/wp-content\/uploads\/2012\/08\/etiquette-porte-manteaux-2012.jpg\"><img loading=\"lazy\" decoding=\"async\" class=\"alignnone size-medium wp-image-17435\" title=\"etiquette\" src=\"http:\/\/chdecole.ch\/wordpress\/wp-content\/uploads\/2012\/08\/etiquette-300x259.png\" alt=\"\" width=\"300\" height=\"259\" srcset=\"https:\/\/chdecole.ch\/wordpress\/wp-content\/uploads\/2012\/08\/etiquette-300x259.png 300w, https:\/\/chdecole.ch\/wordpress\/wp-content\/uploads\/2012\/08\/etiquette-150x129.png 150w, https:\/\/chdecole.ch\/wordpress\/wp-content\/uploads\/2012\/08\/etiquette.png 461w\" sizes=\"auto, (max-width: 300px) 100vw, 300px\" \/><\/a><\/p>\n<p>Les couvertures de cahier de vie cette ann\u00e9e :<\/p>\n<p><a href=\"http:\/\/chdecole.ch\/wordpress\/wp-content\/uploads\/2012\/08\/P1000504.jpg\"><img loading=\"lazy\" decoding=\"async\" class=\"alignnone size-medium wp-image-17366\" title=\"P1000504\" src=\"http:\/\/chdecole.ch\/wordpress\/wp-content\/uploads\/2012\/08\/P1000504-300x225.jpg\" alt=\"\" width=\"300\" height=\"225\" srcset=\"https:\/\/chdecole.ch\/wordpress\/wp-content\/uploads\/2012\/08\/P1000504-300x225.jpg 300w, https:\/\/chdecole.ch\/wordpress\/wp-content\/uploads\/2012\/08\/P1000504-150x112.jpg 150w, https:\/\/chdecole.ch\/wordpress\/wp-content\/uploads\/2012\/08\/P1000504.jpg 600w\" sizes=\"auto, (max-width: 300px) 100vw, 300px\" \/><\/a><\/p>\n<p>&nbsp;<\/p>\n","protected":false},"excerpt":{"rendered":"<p>envie de partager vos id\u00e9es de rentr\u00e9e&#8230; Je publierais volontiers vos photos de vestiaire, couverture de cahier et sous-mains Merci \u00e0 C\u00e9line pour cette premi\u00e8re proposition (cliquer sur l&rsquo;image pour lire les explications) 2 id\u00e9es de couvertures de cahier propos\u00e9es par Christine : Une id\u00e9e propos\u00e9e par C\u00e9line : Les couvertures de cahier de vie [&hellip;]<\/p>\n","protected":false},"author":1,"featured_media":0,"comment_status":"open","ping_status":"open","sticky":false,"template":"","format":"standard","meta":{"site-sidebar-layout":"default","site-content-layout":"","ast-site-content-layout":"","site-content-style":"default","site-sidebar-style":"default","ast-global-header-display":"","ast-banner-title-visibility":"","ast-main-header-display":"","ast-hfb-above-header-display":"","ast-hfb-below-header-display":"","ast-hfb-mobile-header-display":"","site-post-title":"","ast-breadcrumbs-content":"","ast-featured-img":"","footer-sml-layout":"","theme-transparent-header-meta":"","adv-header-id-meta":"","stick-header-meta":"","header-above-stick-meta":"","header-main-stick-meta":"","header-below-stick-meta":"","astra-migrate-meta-layouts":"default","ast-page-background-enabled":"default","ast-page-background-meta":{"desktop":{"background-color":"var(--ast-global-color-5)","background-image":"","background-repeat":"repeat","background-position":"center center","background-size":"auto","background-attachment":"scroll","background-type":"","background-media":"","overlay-type":"","overlay-color":"","overlay-opacity":"","overlay-gradient":""},"tablet":{"background-color":"","background-image":"","background-repeat":"repeat","background-position":"center center","background-size":"auto","background-attachment":"scroll","background-type":"","background-media":"","overlay-type":"","overlay-color":"","overlay-opacity":"","overlay-gradient":""},"mobile":{"background-color":"","background-image":"","background-repeat":"repeat","background-position":"center center","background-size":"auto","background-attachment":"scroll","background-type":"","background-media":"","overlay-type":"","overlay-color":"","overlay-opacity":"","overlay-gradient":""}},"ast-content-background-meta":{"desktop":{"background-color":"var(--ast-global-color-4)","background-image":"","background-repeat":"repeat","background-position":"center center","background-size":"auto","background-attachment":"scroll","background-type":"","background-media":"","overlay-type":"","overlay-color":"","overlay-opacity":"","overlay-gradient":""},"tablet":{"background-color":"var(--ast-global-color-4)","background-image":"","background-repeat":"repeat","background-position":"center center","background-size":"auto","background-attachment":"scroll","background-type":"","background-media":"","overlay-type":"","overlay-color":"","overlay-opacity":"","overlay-gradient":""},"mobile":{"background-color":"var(--ast-global-color-4)","background-image":"","background-repeat":"repeat","background-position":"center center","background-size":"auto","background-attachment":"scroll","background-type":"","background-media":"","overlay-type":"","overlay-color":"","overlay-opacity":"","overlay-gradient":""}},"jetpack_post_was_ever_published":false,"_jetpack_newsletter_access":"","_jetpack_dont_email_post_to_subs":false,"_jetpack_newsletter_tier_id":0,"_jetpack_memberships_contains_paywalled_content":false,"_jetpack_memberships_contains_paid_content":false,"footnotes":""},"categories":[159,127,119],"tags":[],"class_list":["post-17076","post","type-post","status-publish","format-standard","hentry","category-partage","category-rentree-scolaire","category-themes-dans-lannee"],"jetpack_sharing_enabled":true,"jetpack_featured_media_url":"","jetpack_shortlink":"https:\/\/wp.me\/s26z6q-partage","_links":{"self":[{"href":"https:\/\/chdecole.ch\/wordpress\/wp-json\/wp\/v2\/posts\/17076","targetHints":{"allow":["GET"]}}],"collection":[{"href":"https:\/\/chdecole.ch\/wordpress\/wp-json\/wp\/v2\/posts"}],"about":[{"href":"https:\/\/chdecole.ch\/wordpress\/wp-json\/wp\/v2\/types\/post"}],"author":[{"embeddable":true,"href":"https:\/\/chdecole.ch\/wordpress\/wp-json\/wp\/v2\/users\/1"}],"replies":[{"embeddable":true,"href":"https:\/\/chdecole.ch\/wordpress\/wp-json\/wp\/v2\/comments?post=17076"}],"version-history":[{"count":9,"href":"https:\/\/chdecole.ch\/wordpress\/wp-json\/wp\/v2\/posts\/17076\/revisions"}],"predecessor-version":[{"id":18179,"href":"https:\/\/chdecole.ch\/wordpress\/wp-json\/wp\/v2\/posts\/17076\/revisions\/18179"}],"wp:attachment":[{"href":"https:\/\/chdecole.ch\/wordpress\/wp-json\/wp\/v2\/media?parent=17076"}],"wp:term":[{"taxonomy":"category","embeddable":true,"href":"https:\/\/chdecole.ch\/wordpress\/wp-json\/wp\/v2\/categories?post=17076"},{"taxonomy":"post_tag","embeddable":true,"href":"https:\/\/chdecole.ch\/wordpress\/wp-json\/wp\/v2\/tags?post=17076"}],"curies":[{"name":"wp","href":"https:\/\/api.w.org\/{rel}","templated":true}]}}