{"id":23962,"date":"2013-07-17T12:26:07","date_gmt":"2013-07-17T10:26:07","guid":{"rendered":"http:\/\/chdecole.ch\/wordpress\/?p=23962"},"modified":"2015-02-01T12:06:09","modified_gmt":"2015-02-01T11:06:09","slug":"a-la-maniere-de-karla-gerard-2","status":"publish","type":"post","link":"https:\/\/chdecole.ch\/wordpress\/a-la-maniere-de-karla-gerard-2\/","title":{"rendered":"A la mani\u00e8re de Karla G\u00e9rard &#8230;"},"content":{"rendered":"<h2>Les fleurs et les oiseaux<\/h2>\n<p><a href=\"http:\/\/chdecole.ch\/wordpress\/wp-content\/uploads\/2013\/07\/Karla_Gerard_100.jpg\"><img loading=\"lazy\" decoding=\"async\" class=\"alignnone size-medium wp-image-23968\" src=\"http:\/\/chdecole.ch\/wordpress\/wp-content\/uploads\/2013\/07\/Karla_Gerard_-11-210x300.jpg\" alt=\"Karla_Gerard_ (11)\" width=\"210\" height=\"300\" srcset=\"https:\/\/chdecole.ch\/wordpress\/wp-content\/uploads\/2013\/07\/Karla_Gerard_-11-210x300.jpg 210w, https:\/\/chdecole.ch\/wordpress\/wp-content\/uploads\/2013\/07\/Karla_Gerard_-11-105x150.jpg 105w, https:\/\/chdecole.ch\/wordpress\/wp-content\/uploads\/2013\/07\/Karla_Gerard_-11.jpg 449w\" sizes=\"auto, (max-width: 210px) 100vw, 210px\" \/> <img loading=\"lazy\" decoding=\"async\" class=\"alignnone size-medium wp-image-23963\" src=\"http:\/\/chdecole.ch\/wordpress\/wp-content\/uploads\/2013\/07\/Karla_Gerard_100-300x200.jpg\" alt=\"Karla_Gerard_100\" width=\"300\" height=\"200\" srcset=\"https:\/\/chdecole.ch\/wordpress\/wp-content\/uploads\/2013\/07\/Karla_Gerard_100-300x200.jpg 300w, https:\/\/chdecole.ch\/wordpress\/wp-content\/uploads\/2013\/07\/Karla_Gerard_100-150x100.jpg 150w, https:\/\/chdecole.ch\/wordpress\/wp-content\/uploads\/2013\/07\/Karla_Gerard_100.jpg 600w\" sizes=\"auto, (max-width: 300px) 100vw, 300px\" \/><\/a><\/p>\n<p><img loading=\"lazy\" decoding=\"async\" class=\"alignnone  wp-image-23964\" src=\"http:\/\/chdecole.ch\/wordpress\/wp-content\/uploads\/2013\/07\/Karla_Gerard_104-300x218.jpg\" alt=\"Karla_Gerard_104\" width=\"267\" height=\"194\" srcset=\"https:\/\/chdecole.ch\/wordpress\/wp-content\/uploads\/2013\/07\/Karla_Gerard_104-300x218.jpg 300w, https:\/\/chdecole.ch\/wordpress\/wp-content\/uploads\/2013\/07\/Karla_Gerard_104-150x109.jpg 150w, https:\/\/chdecole.ch\/wordpress\/wp-content\/uploads\/2013\/07\/Karla_Gerard_104.jpg 600w\" sizes=\"auto, (max-width: 267px) 100vw, 267px\" \/>\u00a0\u00a0 <img loading=\"lazy\" decoding=\"async\" class=\"alignnone  wp-image-23966\" src=\"http:\/\/chdecole.ch\/wordpress\/wp-content\/uploads\/2013\/07\/Karla_Gerard_-3-300x225.jpg\" alt=\"Karla_Gerard_ (3)\" width=\"259\" height=\"194\" srcset=\"https:\/\/chdecole.ch\/wordpress\/wp-content\/uploads\/2013\/07\/Karla_Gerard_-3-300x225.jpg 300w, https:\/\/chdecole.ch\/wordpress\/wp-content\/uploads\/2013\/07\/Karla_Gerard_-3-150x112.jpg 150w, https:\/\/chdecole.ch\/wordpress\/wp-content\/uploads\/2013\/07\/Karla_Gerard_-3.jpg 600w\" sizes=\"auto, (max-width: 259px) 100vw, 259px\" \/><\/p>\n<p><img loading=\"lazy\" decoding=\"async\" class=\"alignnone size-medium wp-image-23965\" src=\"http:\/\/chdecole.ch\/wordpress\/wp-content\/uploads\/2013\/07\/Karla_Gerard_-8-225x300.jpg\" alt=\"Karla_Gerard_ (8)\" width=\"225\" height=\"300\" srcset=\"https:\/\/chdecole.ch\/wordpress\/wp-content\/uploads\/2013\/07\/Karla_Gerard_-8-225x300.jpg 225w, https:\/\/chdecole.ch\/wordpress\/wp-content\/uploads\/2013\/07\/Karla_Gerard_-8-112x150.jpg 112w, https:\/\/chdecole.ch\/wordpress\/wp-content\/uploads\/2013\/07\/Karla_Gerard_-8.jpg 480w\" sizes=\"auto, (max-width: 225px) 100vw, 225px\" \/> <img loading=\"lazy\" decoding=\"async\" class=\"alignnone size-medium wp-image-23967\" src=\"http:\/\/chdecole.ch\/wordpress\/wp-content\/uploads\/2013\/07\/Karla_Gerard_-7-300x225.jpg\" alt=\"Karla_Gerard_ (7)\" width=\"300\" height=\"225\" srcset=\"https:\/\/chdecole.ch\/wordpress\/wp-content\/uploads\/2013\/07\/Karla_Gerard_-7-300x225.jpg 300w, https:\/\/chdecole.ch\/wordpress\/wp-content\/uploads\/2013\/07\/Karla_Gerard_-7-150x112.jpg 150w, https:\/\/chdecole.ch\/wordpress\/wp-content\/uploads\/2013\/07\/Karla_Gerard_-7.jpg 600w\" sizes=\"auto, (max-width: 300px) 100vw, 300px\" \/><\/p>\n<p><em>&#8211; Proposer deux teintes d\u2019encre bleue avec un peu d\u2019eau pour un effet irr\u00e9gulier ( remplir toute la feuille \u2013 dimension au choix \u2013 avec un pinceau , plus joli qu\u2019avec un rouleau )\u00a0\u00a0\u00a0\u00a0\u00a0\u00a0\u00a0\u00a0\u00a0\u00a0\u00a0\u00a0\u00a0\u00a0\u00a0\u00a0\u00a0\u00a0\u00a0\u00a0\u00a0\u00a0\u00a0\u00a0\u00a0\u00a0\u00a0\u00a0\u00a0\u00a0\u00a0\u00a0\u00a0\u00a0\u00a0\u00a0\u00a0\u00a0\u00a0\u00a0\u00a0\u00a0\u00a0\u00a0\u00a0\u00a0\u00a0\u00a0\u00a0\u00a0\u00a0\u00a0\u00a0\u00a0\u00a0\u00a0\u00a0\u00a0\u00a0\u00a0\u00a0\u00a0\u00a0\u00a0\u00a0\u00a0\u00a0\u00a0\u00a0\u00a0\u00a0\u00a0\u00a0\u00a0\u00a0\u00a0\u00a0\u00a0\u00a0\u00a0\u00a0\u00a0\u00a0\u00a0\u00a0\u00a0\u00a0\u00a0\u00a0\u00a0\u00a0\u00a0\u00a0\u00a0\u00a0\u00a0\u00a0\u00a0\u00a0\u00a0\u00a0\u00a0\u00a0\u00a0\u00a0\u00a0\u00a0\u00a0\u00a0\u00a0\u00a0\u00a0\u00a0\u00a0\u00a0\u00a0\u00a0\u00a0\u00a0\u00a0\u00a0\u00a0\u00a0\u00a0\u00a0\u00a0\u00a0\u00a0\u00a0\u00a0\u00a0\u00a0\u00a0\u00a0\u00a0\u00a0\u00a0\u00a0\u00a0\u00a0\u00a0\u00a0\u00a0\u00a0\u00a0\u00a0\u00a0\u00a0\u00a0\u00a0\u00a0\u00a0\u00a0\u00a0\u00a0\u00a0\u00a0\u00a0\u00a0\u00a0\u00a0\u00a0\u00a0\u00a0\u00a0\u00a0\u00a0\u00a0\u00a0\u00a0\u00a0\u00a0\u00a0\u00a0\u00a0\u00a0\u00a0\u00a0\u00a0\u00a0\u00a0\u00a0\u00a0\u00a0\u00a0\u00a0\u00a0\u00a0\u00a0\u00a0\u00a0\u00a0\u00a0\u00a0\u00a0\u00a0\u00a0\u00a0\u00a0\u00a0\u00a0\u00a0\u00a0\u00a0\u00a0\u00a0\u00a0\u00a0\u00a0\u00a0\u00a0\u00a0\u00a0\u00a0\u00a0\u00a0\u00a0 &#8211; Tracer les traits verticaux pour les tiges avec de la peinture verte au pinceau plat ( ne pas partir du haut de la feuille )<\/em><br \/>\n<em> &#8211; Passer une couche de vernis colle pour isoler l\u2019encre ( adulte )<\/em><br \/>\n<em> &#8211; Coller les diff\u00e9rents ronds ( grand \u2013 moyen \u2013 petit ) sans mettre la m\u00eame couleur \u00e0 c\u00f4t\u00e9 ( multi choix de papiers )<\/em><br \/>\n<em> R\u00e9vision des tailles + r\u00e9vision du chiffre deux ( deux fleurs par tiges )<\/em><br \/>\n<em> &#8211; Coller les petites boules de papier alu avec colle blanche ( model\u00e9es par les enfants )<\/em><br \/>\n<em> R\u00e9vision du chiffre un ( une boule par fleur )<\/em><br \/>\n<em> &#8211; Collage des oiseaux ( papier affiche noir ) avec un ovale pour le ventre , un rond pour la t\u00eate , un triangle pour la queue,\u00a0\u00a0\u00a0\u00a0\u00a0\u00a0\u00a0\u00a0\u00a0\u00a0\u00a0\u00a0\u00a0\u00a0\u00a0\u00a0\u00a0\u00a0\u00a0\u00a0\u00a0\u00a0\u00a0\u00a0\u00a0\u00a0\u00a0\u00a0\u00a0\u00a0\u00a0\u00a0\u00a0\u00a0\u00a0\u00a0\u00a0\u00a0\u00a0\u00a0\u00a0\u00a0\u00a0\u00a0 une gommette pour le bec , une petite boule alu pour l\u2019\u0153il , un morceau de plume pour l\u2019aile ( tracer les deux pattes au marqueur noir pour \u00e9viter les bavures avec le vernis )<\/em><br \/>\n<em> &#8211; Finition au vernis brillant ( adulte )<\/em><br \/>\n<em> &#8211; Doubler avec un carton pour renforcer le tableau et du papier affiche pour l\u2019arri\u00e8re .<\/em><br \/>\n<em> &#8211; Cadre avec des bandes d\u2019alu de repoussage agraf\u00e9es tout autour .<\/em><br \/>\n<em> &#8211; Collage \u00e0 l\u2019arri\u00e8re du tableau ( \u00e0 la mani\u00e8re de Karla G\u00e9rard et pour cette occasion le po\u00e8me de la f\u00eate des m\u00e8res + attache tableau autocollante )<\/em><\/p>\n<p>Merci \u00e0\u00a0 Martine de partager les productions de ses \u00e9l\u00e8ves et\u00a0 l&rsquo;explication d\u00e9taill\u00e9e de l&rsquo;activit\u00e9<\/p>\n","protected":false},"excerpt":{"rendered":"<p>Les fleurs et les oiseaux \u00a0\u00a0 &#8211; Proposer deux teintes d\u2019encre bleue avec un peu d\u2019eau pour un effet irr\u00e9gulier ( remplir toute la feuille \u2013 dimension au choix \u2013 avec un pinceau , plus joli qu\u2019avec un rouleau )\u00a0\u00a0\u00a0\u00a0\u00a0\u00a0\u00a0\u00a0\u00a0\u00a0\u00a0\u00a0\u00a0\u00a0\u00a0\u00a0\u00a0\u00a0\u00a0\u00a0\u00a0\u00a0\u00a0\u00a0\u00a0\u00a0\u00a0\u00a0\u00a0\u00a0\u00a0\u00a0\u00a0\u00a0\u00a0\u00a0\u00a0\u00a0\u00a0\u00a0\u00a0\u00a0\u00a0\u00a0\u00a0\u00a0\u00a0\u00a0\u00a0\u00a0\u00a0\u00a0\u00a0\u00a0\u00a0\u00a0\u00a0\u00a0\u00a0\u00a0\u00a0\u00a0\u00a0\u00a0\u00a0\u00a0\u00a0\u00a0\u00a0\u00a0\u00a0\u00a0\u00a0\u00a0\u00a0\u00a0\u00a0\u00a0\u00a0\u00a0\u00a0\u00a0\u00a0\u00a0\u00a0\u00a0\u00a0\u00a0\u00a0\u00a0\u00a0\u00a0\u00a0\u00a0\u00a0\u00a0\u00a0\u00a0\u00a0\u00a0\u00a0\u00a0\u00a0\u00a0\u00a0\u00a0\u00a0\u00a0\u00a0\u00a0\u00a0\u00a0\u00a0\u00a0\u00a0\u00a0\u00a0\u00a0\u00a0\u00a0\u00a0\u00a0\u00a0\u00a0\u00a0\u00a0\u00a0\u00a0\u00a0\u00a0\u00a0\u00a0\u00a0\u00a0\u00a0\u00a0\u00a0\u00a0\u00a0\u00a0\u00a0\u00a0\u00a0\u00a0\u00a0\u00a0\u00a0\u00a0\u00a0\u00a0\u00a0\u00a0\u00a0\u00a0\u00a0\u00a0\u00a0\u00a0\u00a0\u00a0\u00a0\u00a0\u00a0\u00a0\u00a0\u00a0\u00a0\u00a0\u00a0\u00a0\u00a0\u00a0\u00a0\u00a0\u00a0\u00a0\u00a0\u00a0\u00a0\u00a0\u00a0\u00a0\u00a0\u00a0\u00a0\u00a0\u00a0\u00a0\u00a0\u00a0\u00a0\u00a0\u00a0\u00a0\u00a0\u00a0\u00a0\u00a0\u00a0\u00a0\u00a0\u00a0\u00a0\u00a0\u00a0\u00a0\u00a0\u00a0\u00a0\u00a0\u00a0\u00a0\u00a0\u00a0\u00a0\u00a0\u00a0 &#8211; Tracer les traits verticaux pour les tiges avec de la peinture verte au pinceau [&hellip;]<\/p>\n","protected":false},"author":1,"featured_media":0,"comment_status":"open","ping_status":"open","sticky":false,"template":"","format":"standard","meta":{"site-sidebar-layout":"default","site-content-layout":"","ast-site-content-layout":"","site-content-style":"default","site-sidebar-style":"default","ast-global-header-display":"","ast-banner-title-visibility":"","ast-main-header-display":"","ast-hfb-above-header-display":"","ast-hfb-below-header-display":"","ast-hfb-mobile-header-display":"","site-post-title":"","ast-breadcrumbs-content":"","ast-featured-img":"","footer-sml-layout":"","theme-transparent-header-meta":"","adv-header-id-meta":"","stick-header-meta":"","header-above-stick-meta":"","header-main-stick-meta":"","header-below-stick-meta":"","astra-migrate-meta-layouts":"default","ast-page-background-enabled":"default","ast-page-background-meta":{"desktop":{"background-color":"var(--ast-global-color-5)","background-image":"","background-repeat":"repeat","background-position":"center center","background-size":"auto","background-attachment":"scroll","background-type":"","background-media":"","overlay-type":"","overlay-color":"","overlay-opacity":"","overlay-gradient":""},"tablet":{"background-color":"","background-image":"","background-repeat":"repeat","background-position":"center center","background-size":"auto","background-attachment":"scroll","background-type":"","background-media":"","overlay-type":"","overlay-color":"","overlay-opacity":"","overlay-gradient":""},"mobile":{"background-color":"","background-image":"","background-repeat":"repeat","background-position":"center center","background-size":"auto","background-attachment":"scroll","background-type":"","background-media":"","overlay-type":"","overlay-color":"","overlay-opacity":"","overlay-gradient":""}},"ast-content-background-meta":{"desktop":{"background-color":"var(--ast-global-color-4)","background-image":"","background-repeat":"repeat","background-position":"center center","background-size":"auto","background-attachment":"scroll","background-type":"","background-media":"","overlay-type":"","overlay-color":"","overlay-opacity":"","overlay-gradient":""},"tablet":{"background-color":"var(--ast-global-color-4)","background-image":"","background-repeat":"repeat","background-position":"center center","background-size":"auto","background-attachment":"scroll","background-type":"","background-media":"","overlay-type":"","overlay-color":"","overlay-opacity":"","overlay-gradient":""},"mobile":{"background-color":"var(--ast-global-color-4)","background-image":"","background-repeat":"repeat","background-position":"center center","background-size":"auto","background-attachment":"scroll","background-type":"","background-media":"","overlay-type":"","overlay-color":"","overlay-opacity":"","overlay-gradient":""}},"jetpack_post_was_ever_published":false,"_jetpack_newsletter_access":"","_jetpack_dont_email_post_to_subs":false,"_jetpack_newsletter_tier_id":0,"_jetpack_memberships_contains_paywalled_content":false,"_jetpack_memberships_contains_paid_content":false,"footnotes":""},"categories":[14,22],"tags":[],"class_list":["post-23962","post","type-post","status-publish","format-standard","hentry","category-arts","category-arts-visuels-a-la-maniere-de"],"jetpack_sharing_enabled":true,"jetpack_featured_media_url":"","jetpack_shortlink":"https:\/\/wp.me\/p26z6q-6eu","_links":{"self":[{"href":"https:\/\/chdecole.ch\/wordpress\/wp-json\/wp\/v2\/posts\/23962","targetHints":{"allow":["GET"]}}],"collection":[{"href":"https:\/\/chdecole.ch\/wordpress\/wp-json\/wp\/v2\/posts"}],"about":[{"href":"https:\/\/chdecole.ch\/wordpress\/wp-json\/wp\/v2\/types\/post"}],"author":[{"embeddable":true,"href":"https:\/\/chdecole.ch\/wordpress\/wp-json\/wp\/v2\/users\/1"}],"replies":[{"embeddable":true,"href":"https:\/\/chdecole.ch\/wordpress\/wp-json\/wp\/v2\/comments?post=23962"}],"version-history":[{"count":5,"href":"https:\/\/chdecole.ch\/wordpress\/wp-json\/wp\/v2\/posts\/23962\/revisions"}],"predecessor-version":[{"id":28326,"href":"https:\/\/chdecole.ch\/wordpress\/wp-json\/wp\/v2\/posts\/23962\/revisions\/28326"}],"wp:attachment":[{"href":"https:\/\/chdecole.ch\/wordpress\/wp-json\/wp\/v2\/media?parent=23962"}],"wp:term":[{"taxonomy":"category","embeddable":true,"href":"https:\/\/chdecole.ch\/wordpress\/wp-json\/wp\/v2\/categories?post=23962"},{"taxonomy":"post_tag","embeddable":true,"href":"https:\/\/chdecole.ch\/wordpress\/wp-json\/wp\/v2\/tags?post=23962"}],"curies":[{"name":"wp","href":"https:\/\/api.w.org\/{rel}","templated":true}]}}