{"id":26539,"date":"2016-03-29T08:34:19","date_gmt":"2016-03-29T06:34:19","guid":{"rendered":"http:\/\/chdecole.ch\/wordpress\/?p=26539"},"modified":"2019-03-19T20:22:13","modified_gmt":"2019-03-19T19:22:13","slug":"del-8-pourquoi-les-libellules","status":"publish","type":"post","link":"https:\/\/chdecole.ch\/wordpress\/del-8-pourquoi-les-libellules\/","title":{"rendered":"DEL : 8. Pourquoi les libellules &#8230;"},"content":{"rendered":"<h4>Merci \u00e0 Ernesto\u00a0et \u00e0 Sylvie pour ces nouveaux documents<\/h4>\n<h2>Affiches de r\u00e9f\u00e9rence :<\/h2>\n<h2><a href=\"http:\/\/chdecole.ch\/wordpress\/wp-content\/uploads\/2014\/03\/refer-pourquoi-la-libelule.pdf\" rel=\"attachment wp-att-34114\"><img loading=\"lazy\" decoding=\"async\" class=\"alignnone wp-image-34114\" src=\"http:\/\/chdecole.ch\/wordpress\/wp-content\/uploads\/2014\/03\/refer-pourquoi-la-libelule-212x300.jpg\" alt=\"refer - pourquoi la libelule\" width=\"192\" height=\"272\" srcset=\"https:\/\/chdecole.ch\/wordpress\/wp-content\/uploads\/2014\/03\/refer-pourquoi-la-libelule-212x300.jpg 212w, https:\/\/chdecole.ch\/wordpress\/wp-content\/uploads\/2014\/03\/refer-pourquoi-la-libelule-106x150.jpg 106w, https:\/\/chdecole.ch\/wordpress\/wp-content\/uploads\/2014\/03\/refer-pourquoi-la-libelule-768x1087.jpg 768w, https:\/\/chdecole.ch\/wordpress\/wp-content\/uploads\/2014\/03\/refer-pourquoi-la-libelule-723x1024.jpg 723w, https:\/\/chdecole.ch\/wordpress\/wp-content\/uploads\/2014\/03\/refer-pourquoi-la-libelule.jpg 1239w\" sizes=\"auto, (max-width: 192px) 100vw, 192px\" \/><\/a>\u00a0<a href=\"http:\/\/chdecole.ch\/wordpress\/wp-content\/uploads\/2014\/03\/refer-pourquoi-la-libelule.pdf\" rel=\"attachment wp-att-34113\"><img loading=\"lazy\" decoding=\"async\" class=\"alignnone wp-image-34113\" src=\"http:\/\/chdecole.ch\/wordpress\/wp-content\/uploads\/2014\/03\/ref-pourquoi-la-libelule-212x300.jpg\" alt=\"ref - pourquoi la libelule\" width=\"192\" height=\"272\" srcset=\"https:\/\/chdecole.ch\/wordpress\/wp-content\/uploads\/2014\/03\/ref-pourquoi-la-libelule-212x300.jpg 212w, https:\/\/chdecole.ch\/wordpress\/wp-content\/uploads\/2014\/03\/ref-pourquoi-la-libelule-106x150.jpg 106w, https:\/\/chdecole.ch\/wordpress\/wp-content\/uploads\/2014\/03\/ref-pourquoi-la-libelule-768x1087.jpg 768w, https:\/\/chdecole.ch\/wordpress\/wp-content\/uploads\/2014\/03\/ref-pourquoi-la-libelule-723x1024.jpg 723w, https:\/\/chdecole.ch\/wordpress\/wp-content\/uploads\/2014\/03\/ref-pourquoi-la-libelule.jpg 1239w\" sizes=\"auto, (max-width: 192px) 100vw, 192px\" \/><\/a>\u00a0<a href=\"http:\/\/chdecole.ch\/wordpress\/wp-content\/uploads\/2014\/03\/refer-pourquoi-la-libelule.pdf\" rel=\"attachment wp-att-34116\"><img loading=\"lazy\" decoding=\"async\" class=\"alignnone wp-image-34116\" src=\"http:\/\/chdecole.ch\/wordpress\/wp-content\/uploads\/2014\/03\/ref2-pourquoi-la-libelule-212x300.jpg\" alt=\"ref2 - pourquoi la libelule\" width=\"192\" height=\"272\" srcset=\"https:\/\/chdecole.ch\/wordpress\/wp-content\/uploads\/2014\/03\/ref2-pourquoi-la-libelule-212x300.jpg 212w, https:\/\/chdecole.ch\/wordpress\/wp-content\/uploads\/2014\/03\/ref2-pourquoi-la-libelule-106x150.jpg 106w, https:\/\/chdecole.ch\/wordpress\/wp-content\/uploads\/2014\/03\/ref2-pourquoi-la-libelule-768x1087.jpg 768w, https:\/\/chdecole.ch\/wordpress\/wp-content\/uploads\/2014\/03\/ref2-pourquoi-la-libelule-723x1024.jpg 723w, https:\/\/chdecole.ch\/wordpress\/wp-content\/uploads\/2014\/03\/ref2-pourquoi-la-libelule.jpg 1239w\" sizes=\"auto, (max-width: 192px) 100vw, 192px\" \/><\/a><\/h2>\n<h2>Couverture :<\/h2>\n<p><a href=\"http:\/\/chdecole.ch\/wordpress\/wp-content\/uploads\/2014\/03\/couverture.pdf?csspreview=true\"><img loading=\"lazy\" decoding=\"async\" class=\"alignnone size-thumbnail wp-image-27382\" src=\"http:\/\/chdecole.ch\/wordpress\/wp-content\/uploads\/2014\/03\/couverture-106x150.jpg\" alt=\"couverture\" width=\"106\" height=\"150\" srcset=\"https:\/\/chdecole.ch\/wordpress\/wp-content\/uploads\/2014\/03\/couverture-106x150.jpg 106w, https:\/\/chdecole.ch\/wordpress\/wp-content\/uploads\/2014\/03\/couverture-212x300.jpg 212w, https:\/\/chdecole.ch\/wordpress\/wp-content\/uploads\/2014\/03\/couverture.jpg 600w\" sizes=\"auto, (max-width: 106px) 100vw, 106px\" \/><\/a> <a href=\"http:\/\/chdecole.ch\/wordpress\/wp-content\/uploads\/2014\/03\/couverture2.pdf?csspreview=true\"><img loading=\"lazy\" decoding=\"async\" class=\"alignnone size-thumbnail wp-image-27384\" src=\"http:\/\/chdecole.ch\/wordpress\/wp-content\/uploads\/2014\/03\/couverture2-106x150.jpg\" alt=\"couverture2\" width=\"106\" height=\"150\" srcset=\"https:\/\/chdecole.ch\/wordpress\/wp-content\/uploads\/2014\/03\/couverture2-106x150.jpg 106w, https:\/\/chdecole.ch\/wordpress\/wp-content\/uploads\/2014\/03\/couverture2-212x300.jpg 212w, https:\/\/chdecole.ch\/wordpress\/wp-content\/uploads\/2014\/03\/couverture2.jpg 600w\" sizes=\"auto, (max-width: 106px) 100vw, 106px\" \/><\/a><a href=\"http:\/\/chdecole.ch\/wordpress\/wp-content\/uploads\/2014\/03\/couverture2P.pdf?csspreview=true\"><img loading=\"lazy\" decoding=\"async\" class=\"alignnone size-thumbnail wp-image-27398\" src=\"http:\/\/chdecole.ch\/wordpress\/wp-content\/uploads\/2014\/03\/couverture2P-106x150.jpg\" alt=\"couverture2P\" width=\"106\" height=\"150\" srcset=\"https:\/\/chdecole.ch\/wordpress\/wp-content\/uploads\/2014\/03\/couverture2P-106x150.jpg 106w, https:\/\/chdecole.ch\/wordpress\/wp-content\/uploads\/2014\/03\/couverture2P-212x300.jpg 212w, https:\/\/chdecole.ch\/wordpress\/wp-content\/uploads\/2014\/03\/couverture2P.jpg 600w\" sizes=\"auto, (max-width: 106px) 100vw, 106px\" \/><\/a><a href=\"http:\/\/chdecole.ch\/wordpress\/wp-content\/uploads\/2014\/03\/couverture2P22.pdf?csspreview=true\"><img loading=\"lazy\" decoding=\"async\" class=\"alignnone wp-image-27396\" src=\"http:\/\/chdecole.ch\/wordpress\/wp-content\/uploads\/2014\/03\/couverture2P2-106x150.jpg\" alt=\"couverture2P2\" width=\"106\" height=\"150\" srcset=\"https:\/\/chdecole.ch\/wordpress\/wp-content\/uploads\/2014\/03\/couverture2P2-106x150.jpg 106w, https:\/\/chdecole.ch\/wordpress\/wp-content\/uploads\/2014\/03\/couverture2P2-212x300.jpg 212w, https:\/\/chdecole.ch\/wordpress\/wp-content\/uploads\/2014\/03\/couverture2P2.jpg 600w\" sizes=\"auto, (max-width: 106px) 100vw, 106px\" \/><\/a><\/p>\n<p><a href=\"http:\/\/chdecole.ch\/wordpress\/wp-content\/uploads\/2014\/03\/couverture2P3.pdf?csspreview=true\"><img loading=\"lazy\" decoding=\"async\" class=\"alignnone size-thumbnail wp-image-27406\" src=\"http:\/\/chdecole.ch\/wordpress\/wp-content\/uploads\/2014\/03\/couverture2P3-106x150.jpg\" alt=\"couverture2P3\" width=\"106\" height=\"150\" srcset=\"https:\/\/chdecole.ch\/wordpress\/wp-content\/uploads\/2014\/03\/couverture2P3-106x150.jpg 106w, https:\/\/chdecole.ch\/wordpress\/wp-content\/uploads\/2014\/03\/couverture2P3-212x300.jpg 212w, https:\/\/chdecole.ch\/wordpress\/wp-content\/uploads\/2014\/03\/couverture2P3.jpg 600w\" sizes=\"auto, (max-width: 106px) 100vw, 106px\" \/><\/a><a href=\"http:\/\/chdecole.ch\/wordpress\/wp-content\/uploads\/2014\/03\/couverture2P4.pdf?csspreview=true\"><img loading=\"lazy\" decoding=\"async\" class=\"alignnone size-thumbnail wp-image-27408\" src=\"http:\/\/chdecole.ch\/wordpress\/wp-content\/uploads\/2014\/03\/couverture2P4-106x150.jpg\" alt=\"couverture2P4\" width=\"106\" height=\"150\" srcset=\"https:\/\/chdecole.ch\/wordpress\/wp-content\/uploads\/2014\/03\/couverture2P4-106x150.jpg 106w, https:\/\/chdecole.ch\/wordpress\/wp-content\/uploads\/2014\/03\/couverture2P4-212x300.jpg 212w, https:\/\/chdecole.ch\/wordpress\/wp-content\/uploads\/2014\/03\/couverture2P4.jpg 600w\" sizes=\"auto, (max-width: 106px) 100vw, 106px\" \/><\/a><a href=\"http:\/\/chdecole.ch\/wordpress\/wp-content\/uploads\/2014\/03\/Titre-1P.pdf?csspreview=true\"><img loading=\"lazy\" decoding=\"async\" class=\"alignnone wp-image-27386\" src=\"http:\/\/chdecole.ch\/wordpress\/wp-content\/uploads\/2014\/03\/titre-106x150.jpg\" alt=\"titre\" width=\"104\" height=\"149\" \/><\/a><a href=\"http:\/\/chdecole.ch\/wordpress\/wp-content\/uploads\/2014\/03\/titre-2P.pdf?csspreview=true\"><img loading=\"lazy\" decoding=\"async\" class=\"alignnone wp-image-27388\" src=\"http:\/\/chdecole.ch\/wordpress\/wp-content\/uploads\/2014\/03\/titre-2P-106x150.jpg\" alt=\"titre 2P\" width=\"105\" height=\"147\" \/><\/a>\u00a0<a href=\"http:\/\/chdecole.ch\/wordpress\/wp-content\/uploads\/2014\/03\/Pourquoi-les-libellules-ont-le-corps-si-long-Ateliers7.pdf\" target=\"_blank\" rel=\"noopener\"><img loading=\"lazy\" decoding=\"async\" class=\"alignnone wp-image-34230\" src=\"http:\/\/chdecole.ch\/wordpress\/wp-content\/uploads\/2014\/03\/Pourquoi-les-libellules-ont-le-corps-si-long-Ateliers6-212x300.jpg\" alt=\"Pourquoi les libellules ont le corps si long ?-Ateliers6\" width=\"112\" height=\"158\" srcset=\"https:\/\/chdecole.ch\/wordpress\/wp-content\/uploads\/2014\/03\/Pourquoi-les-libellules-ont-le-corps-si-long-Ateliers6-212x300.jpg 212w, https:\/\/chdecole.ch\/wordpress\/wp-content\/uploads\/2014\/03\/Pourquoi-les-libellules-ont-le-corps-si-long-Ateliers6-106x150.jpg 106w, https:\/\/chdecole.ch\/wordpress\/wp-content\/uploads\/2014\/03\/Pourquoi-les-libellules-ont-le-corps-si-long-Ateliers6-768x1087.jpg 768w, https:\/\/chdecole.ch\/wordpress\/wp-content\/uploads\/2014\/03\/Pourquoi-les-libellules-ont-le-corps-si-long-Ateliers6-723x1024.jpg 723w, https:\/\/chdecole.ch\/wordpress\/wp-content\/uploads\/2014\/03\/Pourquoi-les-libellules-ont-le-corps-si-long-Ateliers6.jpg 1239w\" sizes=\"auto, (max-width: 112px) 100vw, 112px\" \/><\/a>\u00a0<a href=\"http:\/\/chdecole.ch\/wordpress\/wp-content\/uploads\/2014\/03\/Pourquoi-les-libellules-ont-le-corps-si-long-Ateliers14bis.pdf\" target=\"_blank\" rel=\"attachment noopener wp-att-34235\"><img loading=\"lazy\" decoding=\"async\" class=\"alignnone wp-image-34235\" src=\"http:\/\/chdecole.ch\/wordpress\/wp-content\/uploads\/2014\/03\/Pourquoi-les-libellules-ont-le-corps-si-long-Ateliers12-212x300.jpg\" alt=\"Pourquoi les libellules ont le corps si long ?-Ateliers12\" width=\"111\" height=\"157\" srcset=\"https:\/\/chdecole.ch\/wordpress\/wp-content\/uploads\/2014\/03\/Pourquoi-les-libellules-ont-le-corps-si-long-Ateliers12-212x300.jpg 212w, https:\/\/chdecole.ch\/wordpress\/wp-content\/uploads\/2014\/03\/Pourquoi-les-libellules-ont-le-corps-si-long-Ateliers12-106x150.jpg 106w, https:\/\/chdecole.ch\/wordpress\/wp-content\/uploads\/2014\/03\/Pourquoi-les-libellules-ont-le-corps-si-long-Ateliers12-768x1087.jpg 768w, https:\/\/chdecole.ch\/wordpress\/wp-content\/uploads\/2014\/03\/Pourquoi-les-libellules-ont-le-corps-si-long-Ateliers12-723x1024.jpg 723w, https:\/\/chdecole.ch\/wordpress\/wp-content\/uploads\/2014\/03\/Pourquoi-les-libellules-ont-le-corps-si-long-Ateliers12.jpg 1239w\" sizes=\"auto, (max-width: 111px) 100vw, 111px\" \/><\/a>\u00a0<a href=\"http:\/\/chdecole.ch\/wordpress\/wp-content\/uploads\/2014\/03\/titres-libellule-der.pdf\" target=\"_blank\" rel=\"attachment noopener wp-att-34282\"><img loading=\"lazy\" decoding=\"async\" class=\"alignnone wp-image-34282\" src=\"http:\/\/chdecole.ch\/wordpress\/wp-content\/uploads\/2014\/03\/titres-libellule-212x300.jpg\" alt=\"titres libellule\" width=\"122\" height=\"173\" srcset=\"https:\/\/chdecole.ch\/wordpress\/wp-content\/uploads\/2014\/03\/titres-libellule-212x300.jpg 212w, https:\/\/chdecole.ch\/wordpress\/wp-content\/uploads\/2014\/03\/titres-libellule-106x150.jpg 106w, https:\/\/chdecole.ch\/wordpress\/wp-content\/uploads\/2014\/03\/titres-libellule-768x1086.jpg 768w, https:\/\/chdecole.ch\/wordpress\/wp-content\/uploads\/2014\/03\/titres-libellule-724x1024.jpg 724w, https:\/\/chdecole.ch\/wordpress\/wp-content\/uploads\/2014\/03\/titres-libellule.jpg 1240w\" sizes=\"auto, (max-width: 122px) 100vw, 122px\" \/><\/a>\u00a0<a href=\"http:\/\/chdecole.ch\/wordpress\/wp-content\/uploads\/2014\/03\/titres-libellule-der.pdf\" target=\"_blank\" rel=\"attachment noopener wp-att-34284\"><img loading=\"lazy\" decoding=\"async\" class=\"alignnone wp-image-34284\" src=\"http:\/\/chdecole.ch\/wordpress\/wp-content\/uploads\/2014\/03\/titres-libellule2-212x300.jpg\" alt=\"titres libellule2\" width=\"122\" height=\"173\" srcset=\"https:\/\/chdecole.ch\/wordpress\/wp-content\/uploads\/2014\/03\/titres-libellule2-212x300.jpg 212w, https:\/\/chdecole.ch\/wordpress\/wp-content\/uploads\/2014\/03\/titres-libellule2-106x150.jpg 106w, https:\/\/chdecole.ch\/wordpress\/wp-content\/uploads\/2014\/03\/titres-libellule2-768x1086.jpg 768w, https:\/\/chdecole.ch\/wordpress\/wp-content\/uploads\/2014\/03\/titres-libellule2-724x1024.jpg 724w, https:\/\/chdecole.ch\/wordpress\/wp-content\/uploads\/2014\/03\/titres-libellule2.jpg 1240w\" sizes=\"auto, (max-width: 122px) 100vw, 122px\" \/><\/a><\/p>\n<h2>Discrimination visuelle :<\/h2>\n<p><a href=\"http:\/\/chdecole.ch\/wordpress\/wp-content\/uploads\/2014\/03\/visu1P.pdf?csspreview=true\"><img loading=\"lazy\" decoding=\"async\" class=\"alignnone size-thumbnail wp-image-27420\" src=\"http:\/\/chdecole.ch\/wordpress\/wp-content\/uploads\/2014\/03\/visu1P-106x150.jpg\" alt=\"visu1P\" width=\"106\" height=\"150\" srcset=\"https:\/\/chdecole.ch\/wordpress\/wp-content\/uploads\/2014\/03\/visu1P-106x150.jpg 106w, https:\/\/chdecole.ch\/wordpress\/wp-content\/uploads\/2014\/03\/visu1P-212x300.jpg 212w, https:\/\/chdecole.ch\/wordpress\/wp-content\/uploads\/2014\/03\/visu1P.jpg 600w\" sizes=\"auto, (max-width: 106px) 100vw, 106px\" \/><\/a><a href=\"http:\/\/chdecole.ch\/wordpress\/wp-content\/uploads\/2014\/03\/visu2P.pdf?csspreview=true\"><img loading=\"lazy\" decoding=\"async\" class=\"alignnone size-thumbnail wp-image-27416\" src=\"http:\/\/chdecole.ch\/wordpress\/wp-content\/uploads\/2014\/03\/visu2P-106x150.jpg\" alt=\"visu2P\" width=\"106\" height=\"150\" srcset=\"https:\/\/chdecole.ch\/wordpress\/wp-content\/uploads\/2014\/03\/visu2P-106x150.jpg 106w, https:\/\/chdecole.ch\/wordpress\/wp-content\/uploads\/2014\/03\/visu2P-212x300.jpg 212w, https:\/\/chdecole.ch\/wordpress\/wp-content\/uploads\/2014\/03\/visu2P.jpg 600w\" sizes=\"auto, (max-width: 106px) 100vw, 106px\" \/><\/a><a href=\"http:\/\/chdecole.ch\/wordpress\/wp-content\/uploads\/2014\/03\/visu2P2.pdf?csspreview=true\"><img loading=\"lazy\" decoding=\"async\" class=\"alignnone size-thumbnail wp-image-27414\" src=\"http:\/\/chdecole.ch\/wordpress\/wp-content\/uploads\/2014\/03\/visu2P2-106x150.jpg\" alt=\"visu2P2\" width=\"106\" height=\"150\" srcset=\"https:\/\/chdecole.ch\/wordpress\/wp-content\/uploads\/2014\/03\/visu2P2-106x150.jpg 106w, https:\/\/chdecole.ch\/wordpress\/wp-content\/uploads\/2014\/03\/visu2P2-212x300.jpg 212w, https:\/\/chdecole.ch\/wordpress\/wp-content\/uploads\/2014\/03\/visu2P2.jpg 600w\" sizes=\"auto, (max-width: 106px) 100vw, 106px\" \/><\/a><a href=\"http:\/\/chdecole.ch\/wordpress\/wp-content\/uploads\/2014\/03\/visu1P2.pdf?csspreview=true\"><img loading=\"lazy\" decoding=\"async\" class=\"alignnone size-thumbnail wp-image-27425\" src=\"http:\/\/chdecole.ch\/wordpress\/wp-content\/uploads\/2014\/03\/visu1P2-106x150.jpg\" alt=\"visu1P2\" width=\"106\" height=\"150\" srcset=\"https:\/\/chdecole.ch\/wordpress\/wp-content\/uploads\/2014\/03\/visu1P2-106x150.jpg 106w, https:\/\/chdecole.ch\/wordpress\/wp-content\/uploads\/2014\/03\/visu1P2-212x300.jpg 212w, https:\/\/chdecole.ch\/wordpress\/wp-content\/uploads\/2014\/03\/visu1P2.jpg 600w\" sizes=\"auto, (max-width: 106px) 100vw, 106px\" \/><\/a><a href=\"http:\/\/chdecole.ch\/wordpress\/wp-content\/uploads\/2014\/03\/Pourquoi-les-libellules-ont-le-corps-si-long-Ateliers3ter.pdf\" target=\"_blank\" rel=\"noopener\"><img loading=\"lazy\" decoding=\"async\" class=\"alignnone size-thumbnail wp-image-27445\" src=\"http:\/\/chdecole.ch\/wordpress\/wp-content\/uploads\/2014\/03\/visu1P3-106x150.jpg\" alt=\"visu1P3\" width=\"106\" height=\"150\" srcset=\"https:\/\/chdecole.ch\/wordpress\/wp-content\/uploads\/2014\/03\/visu1P3-106x150.jpg 106w, https:\/\/chdecole.ch\/wordpress\/wp-content\/uploads\/2014\/03\/visu1P3-212x300.jpg 212w, https:\/\/chdecole.ch\/wordpress\/wp-content\/uploads\/2014\/03\/visu1P3.jpg 600w\" sizes=\"auto, (max-width: 106px) 100vw, 106px\" \/>\u00a0<img loading=\"lazy\" decoding=\"async\" class=\"alignnone wp-image-34226\" src=\"http:\/\/chdecole.ch\/wordpress\/wp-content\/uploads\/2014\/03\/Pourquoi-les-libellules-ont-le-corps-si-long-Ateliers2-212x300.jpg\" alt=\"Pourquoi les libellules ont le corps si long ?-Ateliers2\" width=\"111\" height=\"157\" srcset=\"https:\/\/chdecole.ch\/wordpress\/wp-content\/uploads\/2014\/03\/Pourquoi-les-libellules-ont-le-corps-si-long-Ateliers2-212x300.jpg 212w, https:\/\/chdecole.ch\/wordpress\/wp-content\/uploads\/2014\/03\/Pourquoi-les-libellules-ont-le-corps-si-long-Ateliers2-106x150.jpg 106w, https:\/\/chdecole.ch\/wordpress\/wp-content\/uploads\/2014\/03\/Pourquoi-les-libellules-ont-le-corps-si-long-Ateliers2-768x1087.jpg 768w, https:\/\/chdecole.ch\/wordpress\/wp-content\/uploads\/2014\/03\/Pourquoi-les-libellules-ont-le-corps-si-long-Ateliers2-723x1024.jpg 723w, https:\/\/chdecole.ch\/wordpress\/wp-content\/uploads\/2014\/03\/Pourquoi-les-libellules-ont-le-corps-si-long-Ateliers2.jpg 1239w\" sizes=\"auto, (max-width: 111px) 100vw, 111px\" \/><\/a>\u00a0\u00a0<a href=\"http:\/\/chdecole.ch\/wordpress\/wp-content\/uploads\/2014\/03\/Pourquoi-les-libellules-ont-le-corps-si-long-Ateliers4.pdf\" target=\"_blank\" rel=\"attachment noopener wp-att-34227\"><img loading=\"lazy\" decoding=\"async\" class=\"alignnone wp-image-34227\" src=\"http:\/\/chdecole.ch\/wordpress\/wp-content\/uploads\/2014\/03\/Pourquoi-les-libellules-ont-le-corps-si-long-Ateliers3-212x300.jpg\" alt=\"Pourquoi les libellules ont le corps si long ?-Ateliers3\" width=\"111\" height=\"157\" srcset=\"https:\/\/chdecole.ch\/wordpress\/wp-content\/uploads\/2014\/03\/Pourquoi-les-libellules-ont-le-corps-si-long-Ateliers3-212x300.jpg 212w, https:\/\/chdecole.ch\/wordpress\/wp-content\/uploads\/2014\/03\/Pourquoi-les-libellules-ont-le-corps-si-long-Ateliers3-106x150.jpg 106w, https:\/\/chdecole.ch\/wordpress\/wp-content\/uploads\/2014\/03\/Pourquoi-les-libellules-ont-le-corps-si-long-Ateliers3-768x1087.jpg 768w, https:\/\/chdecole.ch\/wordpress\/wp-content\/uploads\/2014\/03\/Pourquoi-les-libellules-ont-le-corps-si-long-Ateliers3-723x1024.jpg 723w, https:\/\/chdecole.ch\/wordpress\/wp-content\/uploads\/2014\/03\/Pourquoi-les-libellules-ont-le-corps-si-long-Ateliers3.jpg 1239w\" sizes=\"auto, (max-width: 111px) 100vw, 111px\" \/><\/a>\u00a0<a href=\"http:\/\/chdecole.ch\/wordpress\/wp-content\/uploads\/2014\/03\/Pourquoi-les-libellules-ont-le-corps-si-long-Ateliers6.pdf\" rel=\"attachment wp-att-34229\"><img loading=\"lazy\" decoding=\"async\" class=\"alignnone wp-image-34229\" src=\"http:\/\/chdecole.ch\/wordpress\/wp-content\/uploads\/2014\/03\/Pourquoi-les-libellules-ont-le-corps-si-long-Ateliers5-212x300.jpg\" alt=\"Pourquoi les libellules ont le corps si long ?-Ateliers5\" width=\"119\" height=\"168\" srcset=\"https:\/\/chdecole.ch\/wordpress\/wp-content\/uploads\/2014\/03\/Pourquoi-les-libellules-ont-le-corps-si-long-Ateliers5-212x300.jpg 212w, https:\/\/chdecole.ch\/wordpress\/wp-content\/uploads\/2014\/03\/Pourquoi-les-libellules-ont-le-corps-si-long-Ateliers5-106x150.jpg 106w, https:\/\/chdecole.ch\/wordpress\/wp-content\/uploads\/2014\/03\/Pourquoi-les-libellules-ont-le-corps-si-long-Ateliers5-768x1087.jpg 768w, https:\/\/chdecole.ch\/wordpress\/wp-content\/uploads\/2014\/03\/Pourquoi-les-libellules-ont-le-corps-si-long-Ateliers5-723x1024.jpg 723w, https:\/\/chdecole.ch\/wordpress\/wp-content\/uploads\/2014\/03\/Pourquoi-les-libellules-ont-le-corps-si-long-Ateliers5.jpg 1239w\" sizes=\"auto, (max-width: 119px) 100vw, 119px\" \/><\/a>\u00a0<a href=\"http:\/\/chdecole.ch\/wordpress\/wp-content\/uploads\/2014\/03\/Pourquoi-les-libellules-ont-le-corps-si-long-Ateliers11.pdf\" target=\"_blank\" rel=\"noopener\"><img loading=\"lazy\" decoding=\"async\" class=\"alignnone wp-image-34232\" src=\"http:\/\/chdecole.ch\/wordpress\/wp-content\/uploads\/2014\/03\/Pourquoi-les-libellules-ont-le-corps-si-long-Ateliers9-212x300.jpg\" alt=\"Pourquoi les libellules ont le corps si long ?-Ateliers9\" width=\"112\" height=\"158\" srcset=\"https:\/\/chdecole.ch\/wordpress\/wp-content\/uploads\/2014\/03\/Pourquoi-les-libellules-ont-le-corps-si-long-Ateliers9-212x300.jpg 212w, https:\/\/chdecole.ch\/wordpress\/wp-content\/uploads\/2014\/03\/Pourquoi-les-libellules-ont-le-corps-si-long-Ateliers9-106x150.jpg 106w, https:\/\/chdecole.ch\/wordpress\/wp-content\/uploads\/2014\/03\/Pourquoi-les-libellules-ont-le-corps-si-long-Ateliers9-768x1087.jpg 768w, https:\/\/chdecole.ch\/wordpress\/wp-content\/uploads\/2014\/03\/Pourquoi-les-libellules-ont-le-corps-si-long-Ateliers9-723x1024.jpg 723w, https:\/\/chdecole.ch\/wordpress\/wp-content\/uploads\/2014\/03\/Pourquoi-les-libellules-ont-le-corps-si-long-Ateliers9.jpg 1239w\" sizes=\"auto, (max-width: 112px) 100vw, 112px\" \/><\/a><\/p>\n<h2>Ordre chronologique :<\/h2>\n<p><a href=\"http:\/\/chdecole.ch\/wordpress\/wp-content\/uploads\/2014\/03\/ordre1P.pdf?csspreview=true\"><img loading=\"lazy\" decoding=\"async\" class=\"alignnone size-thumbnail wp-image-27429\" src=\"http:\/\/chdecole.ch\/wordpress\/wp-content\/uploads\/2014\/03\/ordre1P-106x150.jpg\" alt=\"ordre1P\" width=\"106\" height=\"150\" srcset=\"https:\/\/chdecole.ch\/wordpress\/wp-content\/uploads\/2014\/03\/ordre1P-106x150.jpg 106w, https:\/\/chdecole.ch\/wordpress\/wp-content\/uploads\/2014\/03\/ordre1P-212x300.jpg 212w, https:\/\/chdecole.ch\/wordpress\/wp-content\/uploads\/2014\/03\/ordre1P.jpg 600w\" sizes=\"auto, (max-width: 106px) 100vw, 106px\" \/><\/a><a href=\"http:\/\/chdecole.ch\/wordpress\/wp-content\/uploads\/2014\/03\/ordre2P.pdf?csspreview=true\"><img loading=\"lazy\" decoding=\"async\" class=\"alignnone size-thumbnail wp-image-27431\" src=\"http:\/\/chdecole.ch\/wordpress\/wp-content\/uploads\/2014\/03\/ordre2P-106x150.jpg\" alt=\"ordre2P\" width=\"106\" height=\"150\" srcset=\"https:\/\/chdecole.ch\/wordpress\/wp-content\/uploads\/2014\/03\/ordre2P-106x150.jpg 106w, https:\/\/chdecole.ch\/wordpress\/wp-content\/uploads\/2014\/03\/ordre2P-212x300.jpg 212w, https:\/\/chdecole.ch\/wordpress\/wp-content\/uploads\/2014\/03\/ordre2P.jpg 600w\" sizes=\"auto, (max-width: 106px) 100vw, 106px\" \/><\/a><a href=\"http:\/\/chdecole.ch\/wordpress\/wp-content\/uploads\/2014\/03\/chrono.pdf?csspreview=true\"><img loading=\"lazy\" decoding=\"async\" class=\"alignnone size-thumbnail wp-image-27466\" src=\"http:\/\/chdecole.ch\/wordpress\/wp-content\/uploads\/2014\/03\/chrono-106x150.jpg\" alt=\"chrono\" width=\"106\" height=\"150\" srcset=\"https:\/\/chdecole.ch\/wordpress\/wp-content\/uploads\/2014\/03\/chrono-106x150.jpg 106w, https:\/\/chdecole.ch\/wordpress\/wp-content\/uploads\/2014\/03\/chrono-212x300.jpg 212w, https:\/\/chdecole.ch\/wordpress\/wp-content\/uploads\/2014\/03\/chrono.jpg 600w\" sizes=\"auto, (max-width: 106px) 100vw, 106px\" \/><\/a>\u00a0<a href=\"http:\/\/chdecole.ch\/wordpress\/wp-content\/uploads\/2014\/03\/Pourquoi-les-libellules-ont-le-corps-si-long-Ateliers5bis.pdf\" target=\"_blank\" rel=\"noopener\"><img loading=\"lazy\" decoding=\"async\" class=\"alignnone wp-image-34228\" src=\"http:\/\/chdecole.ch\/wordpress\/wp-content\/uploads\/2014\/03\/Pourquoi-les-libellules-ont-le-corps-si-long-Ateliers4-212x300.jpg\" alt=\"Pourquoi les libellules ont le corps si long ?-Ateliers4\" width=\"110\" height=\"156\" srcset=\"https:\/\/chdecole.ch\/wordpress\/wp-content\/uploads\/2014\/03\/Pourquoi-les-libellules-ont-le-corps-si-long-Ateliers4-212x300.jpg 212w, https:\/\/chdecole.ch\/wordpress\/wp-content\/uploads\/2014\/03\/Pourquoi-les-libellules-ont-le-corps-si-long-Ateliers4-106x150.jpg 106w, https:\/\/chdecole.ch\/wordpress\/wp-content\/uploads\/2014\/03\/Pourquoi-les-libellules-ont-le-corps-si-long-Ateliers4-768x1087.jpg 768w, https:\/\/chdecole.ch\/wordpress\/wp-content\/uploads\/2014\/03\/Pourquoi-les-libellules-ont-le-corps-si-long-Ateliers4-723x1024.jpg 723w, https:\/\/chdecole.ch\/wordpress\/wp-content\/uploads\/2014\/03\/Pourquoi-les-libellules-ont-le-corps-si-long-Ateliers4.jpg 1239w\" sizes=\"auto, (max-width: 110px) 100vw, 110px\" \/><\/a><\/p>\n<h2>Compr\u00e9hension de l&rsquo;\u00e9crit :<\/h2>\n<h2><a href=\"http:\/\/chdecole.ch\/wordpress\/wp-content\/uploads\/2014\/03\/lecture2P.pdf?csspreview=true\"><img loading=\"lazy\" decoding=\"async\" class=\"alignnone size-thumbnail wp-image-27434\" src=\"http:\/\/chdecole.ch\/wordpress\/wp-content\/uploads\/2014\/03\/lecture2P-106x150.jpg\" alt=\"lecture2P\" width=\"106\" height=\"150\" srcset=\"https:\/\/chdecole.ch\/wordpress\/wp-content\/uploads\/2014\/03\/lecture2P-106x150.jpg 106w, https:\/\/chdecole.ch\/wordpress\/wp-content\/uploads\/2014\/03\/lecture2P-212x300.jpg 212w, https:\/\/chdecole.ch\/wordpress\/wp-content\/uploads\/2014\/03\/lecture2P.jpg 600w\" sizes=\"auto, (max-width: 106px) 100vw, 106px\" \/><\/a><a href=\"http:\/\/chdecole.ch\/wordpress\/wp-content\/uploads\/2014\/03\/lecture2P2.pdf?csspreview=true\"><img loading=\"lazy\" decoding=\"async\" class=\"alignnone size-thumbnail wp-image-27436\" src=\"http:\/\/chdecole.ch\/wordpress\/wp-content\/uploads\/2014\/03\/lecture2P2-106x150.jpg\" alt=\"lecture2P2\" width=\"106\" height=\"150\" srcset=\"https:\/\/chdecole.ch\/wordpress\/wp-content\/uploads\/2014\/03\/lecture2P2-106x150.jpg 106w, https:\/\/chdecole.ch\/wordpress\/wp-content\/uploads\/2014\/03\/lecture2P2-212x300.jpg 212w, https:\/\/chdecole.ch\/wordpress\/wp-content\/uploads\/2014\/03\/lecture2P2.jpg 600w\" sizes=\"auto, (max-width: 106px) 100vw, 106px\" \/><\/a><a href=\"http:\/\/chdecole.ch\/wordpress\/wp-content\/uploads\/2014\/03\/lecture2P3.pdf?csspreview=true\"><img loading=\"lazy\" decoding=\"async\" class=\"alignnone size-thumbnail wp-image-27438\" src=\"http:\/\/chdecole.ch\/wordpress\/wp-content\/uploads\/2014\/03\/lecture2P3-106x150.jpg\" alt=\"lecture2P3\" width=\"106\" height=\"150\" srcset=\"https:\/\/chdecole.ch\/wordpress\/wp-content\/uploads\/2014\/03\/lecture2P3-106x150.jpg 106w, https:\/\/chdecole.ch\/wordpress\/wp-content\/uploads\/2014\/03\/lecture2P3-212x300.jpg 212w, https:\/\/chdecole.ch\/wordpress\/wp-content\/uploads\/2014\/03\/lecture2P3.jpg 600w\" sizes=\"auto, (max-width: 106px) 100vw, 106px\" \/><\/a><a href=\"http:\/\/chdecole.ch\/wordpress\/wp-content\/uploads\/2014\/03\/lecture2P4.pdf?csspreview=true\"><img loading=\"lazy\" decoding=\"async\" class=\"alignnone size-thumbnail wp-image-27440\" src=\"http:\/\/chdecole.ch\/wordpress\/wp-content\/uploads\/2014\/03\/lecture2P4-106x150.jpg\" alt=\"lecture2P4\" width=\"106\" height=\"150\" srcset=\"https:\/\/chdecole.ch\/wordpress\/wp-content\/uploads\/2014\/03\/lecture2P4-106x150.jpg 106w, https:\/\/chdecole.ch\/wordpress\/wp-content\/uploads\/2014\/03\/lecture2P4-212x300.jpg 212w, https:\/\/chdecole.ch\/wordpress\/wp-content\/uploads\/2014\/03\/lecture2P4.jpg 600w\" sizes=\"auto, (max-width: 106px) 100vw, 106px\" \/><\/a><a href=\"http:\/\/chdecole.ch\/wordpress\/wp-content\/uploads\/2014\/03\/lecture2P5.pdf?csspreview=true\"><img loading=\"lazy\" decoding=\"async\" class=\"alignnone size-thumbnail wp-image-27442\" src=\"http:\/\/chdecole.ch\/wordpress\/wp-content\/uploads\/2014\/03\/lecture2P5-106x150.jpg\" alt=\"lecture2P5\" width=\"106\" height=\"150\" srcset=\"https:\/\/chdecole.ch\/wordpress\/wp-content\/uploads\/2014\/03\/lecture2P5-106x150.jpg 106w, https:\/\/chdecole.ch\/wordpress\/wp-content\/uploads\/2014\/03\/lecture2P5-212x300.jpg 212w, https:\/\/chdecole.ch\/wordpress\/wp-content\/uploads\/2014\/03\/lecture2P5.jpg 600w\" sizes=\"auto, (max-width: 106px) 100vw, 106px\" \/><\/a>\u00a0<a href=\"http:\/\/chdecole.ch\/wordpress\/wp-content\/uploads\/2014\/03\/un-ou-une-images-\u00e0-classer-pourquoi-les-libellules.pdf\" rel=\"attachment wp-att-34177\"><img loading=\"lazy\" decoding=\"async\" class=\"alignnone wp-image-34177\" src=\"http:\/\/chdecole.ch\/wordpress\/wp-content\/uploads\/2014\/03\/un-ou-une-images-\u00e0-classer-pourquoi-les-libellules-212x300.jpg\" alt=\"un ou une - images \u00e0 classer - pourquoi les libellules\" width=\"108\" height=\"153\" srcset=\"https:\/\/chdecole.ch\/wordpress\/wp-content\/uploads\/2014\/03\/un-ou-une-images-\u00e0-classer-pourquoi-les-libellules-212x300.jpg 212w, https:\/\/chdecole.ch\/wordpress\/wp-content\/uploads\/2014\/03\/un-ou-une-images-\u00e0-classer-pourquoi-les-libellules-106x150.jpg 106w, https:\/\/chdecole.ch\/wordpress\/wp-content\/uploads\/2014\/03\/un-ou-une-images-\u00e0-classer-pourquoi-les-libellules-768x1087.jpg 768w, https:\/\/chdecole.ch\/wordpress\/wp-content\/uploads\/2014\/03\/un-ou-une-images-\u00e0-classer-pourquoi-les-libellules-723x1024.jpg 723w, https:\/\/chdecole.ch\/wordpress\/wp-content\/uploads\/2014\/03\/un-ou-une-images-\u00e0-classer-pourquoi-les-libellules.jpg 1239w\" sizes=\"auto, (max-width: 108px) 100vw, 108px\" \/><\/a>\u00a0<a href=\"http:\/\/chdecole.ch\/wordpress\/wp-content\/uploads\/2014\/03\/un-ou-une-images-\u00e0-classer-pourquoi-les-libellules.pdf\" rel=\"attachment wp-att-34178\"><img loading=\"lazy\" decoding=\"async\" class=\"alignnone wp-image-34178\" src=\"http:\/\/chdecole.ch\/wordpress\/wp-content\/uploads\/2014\/03\/un-ou-une-images-\u00e0-classer-pourquoi-les-libellules-1-212x300.jpg\" alt=\"un ou une - images \u00e0 classer - pourquoi les libellules 1\" width=\"106\" height=\"150\" srcset=\"https:\/\/chdecole.ch\/wordpress\/wp-content\/uploads\/2014\/03\/un-ou-une-images-\u00e0-classer-pourquoi-les-libellules-1-212x300.jpg 212w, https:\/\/chdecole.ch\/wordpress\/wp-content\/uploads\/2014\/03\/un-ou-une-images-\u00e0-classer-pourquoi-les-libellules-1-106x150.jpg 106w, https:\/\/chdecole.ch\/wordpress\/wp-content\/uploads\/2014\/03\/un-ou-une-images-\u00e0-classer-pourquoi-les-libellules-1-768x1087.jpg 768w, https:\/\/chdecole.ch\/wordpress\/wp-content\/uploads\/2014\/03\/un-ou-une-images-\u00e0-classer-pourquoi-les-libellules-1-723x1024.jpg 723w, https:\/\/chdecole.ch\/wordpress\/wp-content\/uploads\/2014\/03\/un-ou-une-images-\u00e0-classer-pourquoi-les-libellules-1.jpg 1239w\" sizes=\"auto, (max-width: 106px) 100vw, 106px\" \/><\/a><a href=\"http:\/\/chdecole.ch\/wordpress\/wp-content\/uploads\/2014\/03\/Pourquoi-les-libellules-ont-le-corps-si-long-Ateliers2.pdf\" target=\"_blank\" rel=\"noopener\"><img loading=\"lazy\" decoding=\"async\" class=\"alignnone wp-image-34225\" src=\"http:\/\/chdecole.ch\/wordpress\/wp-content\/uploads\/2014\/03\/Pourquoi-les-libellules-ont-le-corps-si-long-Ateliers1-212x300.jpg\" alt=\"Pourquoi les libellules ont le corps si long ?-Ateliers1\" width=\"110\" height=\"155\" srcset=\"https:\/\/chdecole.ch\/wordpress\/wp-content\/uploads\/2014\/03\/Pourquoi-les-libellules-ont-le-corps-si-long-Ateliers1-212x300.jpg 212w, https:\/\/chdecole.ch\/wordpress\/wp-content\/uploads\/2014\/03\/Pourquoi-les-libellules-ont-le-corps-si-long-Ateliers1-106x150.jpg 106w, https:\/\/chdecole.ch\/wordpress\/wp-content\/uploads\/2014\/03\/Pourquoi-les-libellules-ont-le-corps-si-long-Ateliers1-768x1087.jpg 768w, https:\/\/chdecole.ch\/wordpress\/wp-content\/uploads\/2014\/03\/Pourquoi-les-libellules-ont-le-corps-si-long-Ateliers1-723x1024.jpg 723w, https:\/\/chdecole.ch\/wordpress\/wp-content\/uploads\/2014\/03\/Pourquoi-les-libellules-ont-le-corps-si-long-Ateliers1.jpg 1239w\" sizes=\"auto, (max-width: 110px) 100vw, 110px\" \/><\/a>\u00a0<a href=\"http:\/\/chdecole.ch\/wordpress\/wp-content\/uploads\/2016\/03\/un-une-des-libellules.pdf\"><img loading=\"lazy\" decoding=\"async\" class=\"alignnone wp-image-34438\" src=\"http:\/\/chdecole.ch\/wordpress\/wp-content\/uploads\/2016\/03\/un-une-des-libellules-212x300.jpg\" alt=\"un-une-des-libellules\" width=\"121\" height=\"172\" srcset=\"https:\/\/chdecole.ch\/wordpress\/wp-content\/uploads\/2016\/03\/un-une-des-libellules-212x300.jpg 212w, https:\/\/chdecole.ch\/wordpress\/wp-content\/uploads\/2016\/03\/un-une-des-libellules-106x150.jpg 106w, https:\/\/chdecole.ch\/wordpress\/wp-content\/uploads\/2016\/03\/un-une-des-libellules-768x1086.jpg 768w, https:\/\/chdecole.ch\/wordpress\/wp-content\/uploads\/2016\/03\/un-une-des-libellules-724x1024.jpg 724w, https:\/\/chdecole.ch\/wordpress\/wp-content\/uploads\/2016\/03\/un-une-des-libellules.jpg 1240w\" sizes=\"auto, (max-width: 121px) 100vw, 121px\" \/><\/a>\u00a0<a href=\"http:\/\/chdecole.ch\/wordpress\/wp-content\/uploads\/2016\/03\/Le-la-les-libellules.pdf\"><img loading=\"lazy\" decoding=\"async\" class=\"alignnone wp-image-34440\" src=\"http:\/\/chdecole.ch\/wordpress\/wp-content\/uploads\/2016\/03\/Le-la-les-libellules-212x300.jpg\" alt=\"Le-la-les-libellules\" width=\"121\" height=\"171\" srcset=\"https:\/\/chdecole.ch\/wordpress\/wp-content\/uploads\/2016\/03\/Le-la-les-libellules-212x300.jpg 212w, https:\/\/chdecole.ch\/wordpress\/wp-content\/uploads\/2016\/03\/Le-la-les-libellules-106x150.jpg 106w, https:\/\/chdecole.ch\/wordpress\/wp-content\/uploads\/2016\/03\/Le-la-les-libellules-768x1086.jpg 768w, https:\/\/chdecole.ch\/wordpress\/wp-content\/uploads\/2016\/03\/Le-la-les-libellules-724x1024.jpg 724w, https:\/\/chdecole.ch\/wordpress\/wp-content\/uploads\/2016\/03\/Le-la-les-libellules.jpg 1240w\" sizes=\"auto, (max-width: 121px) 100vw, 121px\" \/><\/a>\u00a0<a href=\"http:\/\/chdecole.ch\/wordpress\/wp-content\/uploads\/2016\/03\/Lettre-initiale-majuscule-libellules.pdf\"><img loading=\"lazy\" decoding=\"async\" class=\"alignnone wp-image-34444\" src=\"http:\/\/chdecole.ch\/wordpress\/wp-content\/uploads\/2016\/03\/Lettre-initiale-majuscule-libellules-212x300.jpg\" alt=\"Lettre-initiale-majuscule-libellules\" width=\"122\" height=\"173\" srcset=\"https:\/\/chdecole.ch\/wordpress\/wp-content\/uploads\/2016\/03\/Lettre-initiale-majuscule-libellules-212x300.jpg 212w, https:\/\/chdecole.ch\/wordpress\/wp-content\/uploads\/2016\/03\/Lettre-initiale-majuscule-libellules-106x150.jpg 106w, https:\/\/chdecole.ch\/wordpress\/wp-content\/uploads\/2016\/03\/Lettre-initiale-majuscule-libellules-768x1086.jpg 768w, https:\/\/chdecole.ch\/wordpress\/wp-content\/uploads\/2016\/03\/Lettre-initiale-majuscule-libellules-724x1024.jpg 724w, https:\/\/chdecole.ch\/wordpress\/wp-content\/uploads\/2016\/03\/Lettre-initiale-majuscule-libellules.jpg 1240w\" sizes=\"auto, (max-width: 122px) 100vw, 122px\" \/><\/a>\u00a0<a href=\"http:\/\/chdecole.ch\/wordpress\/wp-content\/uploads\/2016\/03\/Lettre-initiale-libellules.pdf\"><img loading=\"lazy\" decoding=\"async\" class=\"alignnone wp-image-34446\" src=\"http:\/\/chdecole.ch\/wordpress\/wp-content\/uploads\/2016\/03\/Lettre-initiale-libellules-212x300.jpg\" alt=\"Lettre-initiale-libellules\" width=\"121\" height=\"171\" srcset=\"https:\/\/chdecole.ch\/wordpress\/wp-content\/uploads\/2016\/03\/Lettre-initiale-libellules-212x300.jpg 212w, https:\/\/chdecole.ch\/wordpress\/wp-content\/uploads\/2016\/03\/Lettre-initiale-libellules-106x150.jpg 106w, https:\/\/chdecole.ch\/wordpress\/wp-content\/uploads\/2016\/03\/Lettre-initiale-libellules-768x1086.jpg 768w, https:\/\/chdecole.ch\/wordpress\/wp-content\/uploads\/2016\/03\/Lettre-initiale-libellules-724x1024.jpg 724w, https:\/\/chdecole.ch\/wordpress\/wp-content\/uploads\/2016\/03\/Lettre-initiale-libellules.jpg 1240w\" sizes=\"auto, (max-width: 121px) 100vw, 121px\" \/><\/a><\/h2>\n<h2>Segmentation syllabes orales :<\/h2>\n<p><a href=\"http:\/\/chdecole.ch\/wordpress\/wp-content\/uploads\/2014\/01\/Pourquoi-les-libellules-nb-de-syllabes.pdf?csspreview=true\"><img loading=\"lazy\" decoding=\"async\" class=\"alignnone wp-image-26540\" src=\"http:\/\/chdecole.ch\/wordpress\/wp-content\/uploads\/2014\/01\/Pourquoi-les-libellules-nb-de-syllabes-300x212.jpg\" alt=\"Pourquoi les libellules nb de syllabes\" width=\"170\" height=\"120\" srcset=\"https:\/\/chdecole.ch\/wordpress\/wp-content\/uploads\/2014\/01\/Pourquoi-les-libellules-nb-de-syllabes-300x212.jpg 300w, https:\/\/chdecole.ch\/wordpress\/wp-content\/uploads\/2014\/01\/Pourquoi-les-libellules-nb-de-syllabes-150x106.jpg 150w, https:\/\/chdecole.ch\/wordpress\/wp-content\/uploads\/2014\/01\/Pourquoi-les-libellules-nb-de-syllabes.jpg 600w\" sizes=\"auto, (max-width: 170px) 100vw, 170px\" \/><\/a> <a href=\"http:\/\/chdecole.ch\/wordpress\/wp-content\/uploads\/2014\/01\/Pourquoi-les-libellules-nb-de-syllabes-annexe.pdf?csspreview=true\"><img loading=\"lazy\" decoding=\"async\" class=\"alignnone wp-image-26542\" src=\"http:\/\/chdecole.ch\/wordpress\/wp-content\/uploads\/2014\/01\/Pourquoi-les-libellules-nb-de-syllabes-annexe-300x212.jpg\" alt=\"Pourquoi les libellules nb de syllabes annexe\" width=\"170\" height=\"120\" srcset=\"https:\/\/chdecole.ch\/wordpress\/wp-content\/uploads\/2014\/01\/Pourquoi-les-libellules-nb-de-syllabes-annexe-300x212.jpg 300w, https:\/\/chdecole.ch\/wordpress\/wp-content\/uploads\/2014\/01\/Pourquoi-les-libellules-nb-de-syllabes-annexe-150x106.jpg 150w, https:\/\/chdecole.ch\/wordpress\/wp-content\/uploads\/2014\/01\/Pourquoi-les-libellules-nb-de-syllabes-annexe.jpg 600w\" sizes=\"auto, (max-width: 170px) 100vw, 170px\" \/><\/a>\u00a0\u00a0<a href=\"http:\/\/chdecole.ch\/wordpress\/wp-content\/uploads\/2014\/03\/Pourquoi-les-libellules-ont-le-corps-si-long-Ateliers13bis.pdf\" rel=\"attachment wp-att-34234\"><img loading=\"lazy\" decoding=\"async\" class=\"alignnone wp-image-34234\" src=\"http:\/\/chdecole.ch\/wordpress\/wp-content\/uploads\/2014\/03\/Pourquoi-les-libellules-ont-le-corps-si-long-Ateliers11-212x300.jpg\" alt=\"Pourquoi les libellules ont le corps si long ?-Ateliers11\" width=\"142\" height=\"201\" srcset=\"https:\/\/chdecole.ch\/wordpress\/wp-content\/uploads\/2014\/03\/Pourquoi-les-libellules-ont-le-corps-si-long-Ateliers11-212x300.jpg 212w, https:\/\/chdecole.ch\/wordpress\/wp-content\/uploads\/2014\/03\/Pourquoi-les-libellules-ont-le-corps-si-long-Ateliers11-106x150.jpg 106w, https:\/\/chdecole.ch\/wordpress\/wp-content\/uploads\/2014\/03\/Pourquoi-les-libellules-ont-le-corps-si-long-Ateliers11-768x1087.jpg 768w, https:\/\/chdecole.ch\/wordpress\/wp-content\/uploads\/2014\/03\/Pourquoi-les-libellules-ont-le-corps-si-long-Ateliers11-723x1024.jpg 723w, https:\/\/chdecole.ch\/wordpress\/wp-content\/uploads\/2014\/03\/Pourquoi-les-libellules-ont-le-corps-si-long-Ateliers11.jpg 1239w\" sizes=\"auto, (max-width: 142px) 100vw, 142px\" \/><\/a><\/p>\n<h2>Conscience phonologie :<\/h2>\n<h2><a href=\"http:\/\/chdecole.ch\/wordpress\/wp-content\/uploads\/2016\/03\/Son-dattaque-Pourquoi-les-libellules-....pdf\"><img loading=\"lazy\" decoding=\"async\" class=\"alignnone wp-image-37281\" src=\"http:\/\/chdecole.ch\/wordpress\/wp-content\/uploads\/2016\/03\/1-212x300.jpg\" alt=\"\" width=\"128\" height=\"182\" srcset=\"https:\/\/chdecole.ch\/wordpress\/wp-content\/uploads\/2016\/03\/1-212x300.jpg 212w, https:\/\/chdecole.ch\/wordpress\/wp-content\/uploads\/2016\/03\/1-106x150.jpg 106w, https:\/\/chdecole.ch\/wordpress\/wp-content\/uploads\/2016\/03\/1-768x1086.jpg 768w, https:\/\/chdecole.ch\/wordpress\/wp-content\/uploads\/2016\/03\/1-724x1024.jpg 724w, https:\/\/chdecole.ch\/wordpress\/wp-content\/uploads\/2016\/03\/1-600x848.jpg 600w, https:\/\/chdecole.ch\/wordpress\/wp-content\/uploads\/2016\/03\/1.jpg 1240w\" sizes=\"auto, (max-width: 128px) 100vw, 128px\" \/>\u00a0<\/a><a href=\"http:\/\/chdecole.ch\/wordpress\/wp-content\/uploads\/2016\/03\/Son-dattaque-Pourquoi-les-libellules-....pdf\"><img loading=\"lazy\" decoding=\"async\" class=\"alignnone wp-image-37282\" src=\"http:\/\/chdecole.ch\/wordpress\/wp-content\/uploads\/2016\/03\/2-212x300.jpg\" alt=\"\" width=\"128\" height=\"181\" srcset=\"https:\/\/chdecole.ch\/wordpress\/wp-content\/uploads\/2016\/03\/2-212x300.jpg 212w, https:\/\/chdecole.ch\/wordpress\/wp-content\/uploads\/2016\/03\/2-106x150.jpg 106w, https:\/\/chdecole.ch\/wordpress\/wp-content\/uploads\/2016\/03\/2-768x1086.jpg 768w, https:\/\/chdecole.ch\/wordpress\/wp-content\/uploads\/2016\/03\/2-724x1024.jpg 724w, https:\/\/chdecole.ch\/wordpress\/wp-content\/uploads\/2016\/03\/2-600x848.jpg 600w, https:\/\/chdecole.ch\/wordpress\/wp-content\/uploads\/2016\/03\/2.jpg 1240w\" sizes=\"auto, (max-width: 128px) 100vw, 128px\" \/><\/a><a href=\"http:\/\/chdecole.ch\/wordpress\/wp-content\/uploads\/2016\/03\/Son-dattaque-Pourquoi-les-libellules-....pdf\"><img loading=\"lazy\" decoding=\"async\" class=\"alignnone wp-image-37283\" src=\"http:\/\/chdecole.ch\/wordpress\/wp-content\/uploads\/2016\/03\/4-212x300.jpg\" alt=\"\" width=\"128\" height=\"181\" srcset=\"https:\/\/chdecole.ch\/wordpress\/wp-content\/uploads\/2016\/03\/4-212x300.jpg 212w, https:\/\/chdecole.ch\/wordpress\/wp-content\/uploads\/2016\/03\/4-106x150.jpg 106w, https:\/\/chdecole.ch\/wordpress\/wp-content\/uploads\/2016\/03\/4-768x1086.jpg 768w, https:\/\/chdecole.ch\/wordpress\/wp-content\/uploads\/2016\/03\/4-724x1024.jpg 724w, https:\/\/chdecole.ch\/wordpress\/wp-content\/uploads\/2016\/03\/4-600x848.jpg 600w, https:\/\/chdecole.ch\/wordpress\/wp-content\/uploads\/2016\/03\/4.jpg 1240w\" sizes=\"auto, (max-width: 128px) 100vw, 128px\" \/>\u00a0<\/a><a href=\"http:\/\/chdecole.ch\/wordpress\/wp-content\/uploads\/2016\/03\/Son-dattaque-Pourquoi-les-libellules-....pdf\"><img loading=\"lazy\" decoding=\"async\" class=\"alignnone wp-image-37285\" src=\"http:\/\/chdecole.ch\/wordpress\/wp-content\/uploads\/2016\/03\/3-212x300.jpg\" alt=\"\" width=\"128\" height=\"181\" srcset=\"https:\/\/chdecole.ch\/wordpress\/wp-content\/uploads\/2016\/03\/3-212x300.jpg 212w, https:\/\/chdecole.ch\/wordpress\/wp-content\/uploads\/2016\/03\/3-106x150.jpg 106w, https:\/\/chdecole.ch\/wordpress\/wp-content\/uploads\/2016\/03\/3-768x1086.jpg 768w, https:\/\/chdecole.ch\/wordpress\/wp-content\/uploads\/2016\/03\/3-724x1024.jpg 724w, https:\/\/chdecole.ch\/wordpress\/wp-content\/uploads\/2016\/03\/3-600x848.jpg 600w, https:\/\/chdecole.ch\/wordpress\/wp-content\/uploads\/2016\/03\/3.jpg 1240w\" sizes=\"auto, (max-width: 128px) 100vw, 128px\" \/><\/a><\/h2>\n<h2>Concept lettre :<\/h2>\n<p><a href=\"http:\/\/chdecole.ch\/wordpress\/wp-content\/uploads\/2014\/03\/Combien.pdf?csspreview=true\"><img loading=\"lazy\" decoding=\"async\" class=\"alignnone wp-image-26673\" src=\"http:\/\/chdecole.ch\/wordpress\/wp-content\/uploads\/2014\/01\/Combien-de-lettres-dans-chaque-mot\u00a0pourqoi-les-libellules-212x300.jpg\" alt=\"Combien de lettres dans chaque mot\u00a0pourqoi les libellules\" width=\"117\" height=\"167\" srcset=\"https:\/\/chdecole.ch\/wordpress\/wp-content\/uploads\/2014\/01\/Combien-de-lettres-dans-chaque-mot\u00a0pourqoi-les-libellules-212x300.jpg 212w, https:\/\/chdecole.ch\/wordpress\/wp-content\/uploads\/2014\/01\/Combien-de-lettres-dans-chaque-mot\u00a0pourqoi-les-libellules-106x150.jpg 106w\" sizes=\"auto, (max-width: 117px) 100vw, 117px\" \/><\/a><\/p>\n<h2>Production \u00e9crite :<\/h2>\n<p><a href=\"http:\/\/chdecole.ch\/wordpress\/wp-content\/uploads\/2014\/03\/prod1P2.pdf?csspreview=true\"><img loading=\"lazy\" decoding=\"async\" class=\"alignnone size-thumbnail wp-image-27455\" src=\"http:\/\/chdecole.ch\/wordpress\/wp-content\/uploads\/2014\/03\/prod1P2-106x150.jpg\" alt=\"prod1P2\" width=\"106\" height=\"150\" srcset=\"https:\/\/chdecole.ch\/wordpress\/wp-content\/uploads\/2014\/03\/prod1P2-106x150.jpg 106w, https:\/\/chdecole.ch\/wordpress\/wp-content\/uploads\/2014\/03\/prod1P2-212x300.jpg 212w, https:\/\/chdecole.ch\/wordpress\/wp-content\/uploads\/2014\/03\/prod1P2.jpg 600w\" sizes=\"auto, (max-width: 106px) 100vw, 106px\" \/><\/a><a href=\"http:\/\/chdecole.ch\/wordpress\/wp-content\/uploads\/2014\/03\/prod1P.pdf?csspreview=true\"><img loading=\"lazy\" decoding=\"async\" class=\"alignnone size-thumbnail wp-image-27457\" src=\"http:\/\/chdecole.ch\/wordpress\/wp-content\/uploads\/2014\/03\/prod1P-106x150.jpg\" alt=\"prod1P\" width=\"106\" height=\"150\" srcset=\"https:\/\/chdecole.ch\/wordpress\/wp-content\/uploads\/2014\/03\/prod1P-106x150.jpg 106w, https:\/\/chdecole.ch\/wordpress\/wp-content\/uploads\/2014\/03\/prod1P-212x300.jpg 212w, https:\/\/chdecole.ch\/wordpress\/wp-content\/uploads\/2014\/03\/prod1P.jpg 600w\" sizes=\"auto, (max-width: 106px) 100vw, 106px\" \/><\/a><a href=\"http:\/\/chdecole.ch\/wordpress\/wp-content\/uploads\/2014\/03\/prod2P.pdf?csspreview=true\"><img loading=\"lazy\" decoding=\"async\" class=\"alignnone size-thumbnail wp-image-27448\" src=\"http:\/\/chdecole.ch\/wordpress\/wp-content\/uploads\/2014\/03\/prod2P-106x150.jpg\" alt=\"prod2P\" width=\"106\" height=\"150\" srcset=\"https:\/\/chdecole.ch\/wordpress\/wp-content\/uploads\/2014\/03\/prod2P-106x150.jpg 106w, https:\/\/chdecole.ch\/wordpress\/wp-content\/uploads\/2014\/03\/prod2P-212x300.jpg 212w, https:\/\/chdecole.ch\/wordpress\/wp-content\/uploads\/2014\/03\/prod2P.jpg 600w\" sizes=\"auto, (max-width: 106px) 100vw, 106px\" \/><\/a><a href=\"http:\/\/chdecole.ch\/wordpress\/wp-content\/uploads\/2014\/03\/prod2P2.pdf?csspreview=true\"><img loading=\"lazy\" decoding=\"async\" class=\"alignnone size-thumbnail wp-image-27450\" src=\"http:\/\/chdecole.ch\/wordpress\/wp-content\/uploads\/2014\/03\/prod2P2-106x150.jpg\" alt=\"prod2P2\" width=\"106\" height=\"150\" srcset=\"https:\/\/chdecole.ch\/wordpress\/wp-content\/uploads\/2014\/03\/prod2P2-106x150.jpg 106w, https:\/\/chdecole.ch\/wordpress\/wp-content\/uploads\/2014\/03\/prod2P2-212x300.jpg 212w, https:\/\/chdecole.ch\/wordpress\/wp-content\/uploads\/2014\/03\/prod2P2.jpg 600w\" sizes=\"auto, (max-width: 106px) 100vw, 106px\" \/><\/a><\/p>\n<h2>Graphisme-Ecriture :<\/h2>\n<p><a href=\"http:\/\/chdecole.ch\/wordpress\/wp-content\/uploads\/2016\/03\/Eau-graphisme.pdf\" rel=\"attachment wp-att-34318\"><img loading=\"lazy\" decoding=\"async\" class=\"alignnone wp-image-34318\" src=\"http:\/\/chdecole.ch\/wordpress\/wp-content\/uploads\/2016\/03\/Eau-graphisme-212x300.jpg\" alt=\"Eau graphisme\" width=\"141\" height=\"200\" srcset=\"https:\/\/chdecole.ch\/wordpress\/wp-content\/uploads\/2016\/03\/Eau-graphisme-212x300.jpg 212w, https:\/\/chdecole.ch\/wordpress\/wp-content\/uploads\/2016\/03\/Eau-graphisme-106x150.jpg 106w, https:\/\/chdecole.ch\/wordpress\/wp-content\/uploads\/2016\/03\/Eau-graphisme-768x1086.jpg 768w, https:\/\/chdecole.ch\/wordpress\/wp-content\/uploads\/2016\/03\/Eau-graphisme-724x1024.jpg 724w, https:\/\/chdecole.ch\/wordpress\/wp-content\/uploads\/2016\/03\/Eau-graphisme.jpg 1240w\" sizes=\"auto, (max-width: 141px) 100vw, 141px\" \/><\/a>\u00a0<a href=\"http:\/\/chdecole.ch\/wordpress\/wp-content\/uploads\/2016\/03\/Libellule-graphisme.pdf\" rel=\"attachment wp-att-34307\"><img loading=\"lazy\" decoding=\"async\" class=\"alignnone wp-image-34307\" src=\"http:\/\/chdecole.ch\/wordpress\/wp-content\/uploads\/2016\/03\/Libellule-graphisme-212x300.jpg\" alt=\"Libellule graphisme\" width=\"141\" height=\"200\" srcset=\"https:\/\/chdecole.ch\/wordpress\/wp-content\/uploads\/2016\/03\/Libellule-graphisme-212x300.jpg 212w, https:\/\/chdecole.ch\/wordpress\/wp-content\/uploads\/2016\/03\/Libellule-graphisme-106x150.jpg 106w, https:\/\/chdecole.ch\/wordpress\/wp-content\/uploads\/2016\/03\/Libellule-graphisme-768x1086.jpg 768w, https:\/\/chdecole.ch\/wordpress\/wp-content\/uploads\/2016\/03\/Libellule-graphisme-724x1024.jpg 724w, https:\/\/chdecole.ch\/wordpress\/wp-content\/uploads\/2016\/03\/Libellule-graphisme.jpg 1240w\" sizes=\"auto, (max-width: 141px) 100vw, 141px\" \/><\/a>\u00a0<a href=\"http:\/\/chdecole.ch\/wordpress\/wp-content\/uploads\/2016\/03\/Villageoise-graphisme.pdf\" rel=\"attachment wp-att-34311\"><img loading=\"lazy\" decoding=\"async\" class=\"alignnone wp-image-34311\" src=\"http:\/\/chdecole.ch\/wordpress\/wp-content\/uploads\/2016\/03\/Villageoise-graphisme-212x300.jpg\" alt=\"Villageoise graphisme\" width=\"141\" height=\"200\" srcset=\"https:\/\/chdecole.ch\/wordpress\/wp-content\/uploads\/2016\/03\/Villageoise-graphisme-212x300.jpg 212w, https:\/\/chdecole.ch\/wordpress\/wp-content\/uploads\/2016\/03\/Villageoise-graphisme-106x150.jpg 106w, https:\/\/chdecole.ch\/wordpress\/wp-content\/uploads\/2016\/03\/Villageoise-graphisme-768x1086.jpg 768w, https:\/\/chdecole.ch\/wordpress\/wp-content\/uploads\/2016\/03\/Villageoise-graphisme-724x1024.jpg 724w, https:\/\/chdecole.ch\/wordpress\/wp-content\/uploads\/2016\/03\/Villageoise-graphisme.jpg 1240w\" sizes=\"auto, (max-width: 141px) 100vw, 141px\" \/><\/a><\/p>\n<p><a href=\"http:\/\/chdecole.ch\/wordpress\/wp-content\/uploads\/2016\/03\/Roi-graphisme.pdf\" rel=\"attachment wp-att-34309\"><img loading=\"lazy\" decoding=\"async\" class=\"alignnone wp-image-34309\" src=\"http:\/\/chdecole.ch\/wordpress\/wp-content\/uploads\/2016\/03\/Roi-graphisme-212x300.jpg\" alt=\"Roi graphisme\" width=\"141\" height=\"200\" srcset=\"https:\/\/chdecole.ch\/wordpress\/wp-content\/uploads\/2016\/03\/Roi-graphisme-212x300.jpg 212w, https:\/\/chdecole.ch\/wordpress\/wp-content\/uploads\/2016\/03\/Roi-graphisme-106x150.jpg 106w, https:\/\/chdecole.ch\/wordpress\/wp-content\/uploads\/2016\/03\/Roi-graphisme-768x1086.jpg 768w, https:\/\/chdecole.ch\/wordpress\/wp-content\/uploads\/2016\/03\/Roi-graphisme-724x1024.jpg 724w, https:\/\/chdecole.ch\/wordpress\/wp-content\/uploads\/2016\/03\/Roi-graphisme.jpg 1240w\" sizes=\"auto, (max-width: 141px) 100vw, 141px\" \/><\/a>\u00a0 <a href=\"http:\/\/chdecole.ch\/wordpress\/wp-content\/uploads\/2016\/03\/africain-graphisme.pdf\" rel=\"attachment wp-att-34313\"><img loading=\"lazy\" decoding=\"async\" class=\"alignnone wp-image-34313\" src=\"http:\/\/chdecole.ch\/wordpress\/wp-content\/uploads\/2016\/03\/africain-graphisme-212x300.jpg\" alt=\"africain graphisme\" width=\"141\" height=\"200\" srcset=\"https:\/\/chdecole.ch\/wordpress\/wp-content\/uploads\/2016\/03\/africain-graphisme-212x300.jpg 212w, https:\/\/chdecole.ch\/wordpress\/wp-content\/uploads\/2016\/03\/africain-graphisme-106x150.jpg 106w, https:\/\/chdecole.ch\/wordpress\/wp-content\/uploads\/2016\/03\/africain-graphisme-768x1086.jpg 768w, https:\/\/chdecole.ch\/wordpress\/wp-content\/uploads\/2016\/03\/africain-graphisme-724x1024.jpg 724w, https:\/\/chdecole.ch\/wordpress\/wp-content\/uploads\/2016\/03\/africain-graphisme.jpg 1240w\" sizes=\"auto, (max-width: 141px) 100vw, 141px\" \/><\/a>\u00a0<a href=\"http:\/\/chdecole.ch\/wordpress\/wp-content\/uploads\/2016\/03\/Coq-graphisme-1.pdf\" rel=\"attachment wp-att-34316\"><img loading=\"lazy\" decoding=\"async\" class=\"alignnone wp-image-34316\" src=\"http:\/\/chdecole.ch\/wordpress\/wp-content\/uploads\/2016\/03\/Coq-graphisme-212x300.jpg\" alt=\"Coq graphisme\" width=\"141\" height=\"200\" srcset=\"https:\/\/chdecole.ch\/wordpress\/wp-content\/uploads\/2016\/03\/Coq-graphisme-212x300.jpg 212w, https:\/\/chdecole.ch\/wordpress\/wp-content\/uploads\/2016\/03\/Coq-graphisme-106x150.jpg 106w, https:\/\/chdecole.ch\/wordpress\/wp-content\/uploads\/2016\/03\/Coq-graphisme-768x1086.jpg 768w, https:\/\/chdecole.ch\/wordpress\/wp-content\/uploads\/2016\/03\/Coq-graphisme-724x1024.jpg 724w, https:\/\/chdecole.ch\/wordpress\/wp-content\/uploads\/2016\/03\/Coq-graphisme.jpg 1240w\" sizes=\"auto, (max-width: 141px) 100vw, 141px\" \/><\/a><\/p>\n<p><a href=\"http:\/\/chdecole.ch\/wordpress\/wp-content\/uploads\/2014\/01\/Ecriture-le-coq.pdf?csspreview=true\"><img loading=\"lazy\" decoding=\"async\" class=\"alignnone wp-image-26646\" src=\"http:\/\/chdecole.ch\/wordpress\/wp-content\/uploads\/2014\/01\/Ecriture-le-coq-150x105.jpg\" alt=\"Ecriture-le-coq\" width=\"142\" height=\"99\" srcset=\"https:\/\/chdecole.ch\/wordpress\/wp-content\/uploads\/2014\/01\/Ecriture-le-coq-150x105.jpg 150w, https:\/\/chdecole.ch\/wordpress\/wp-content\/uploads\/2014\/01\/Ecriture-le-coq-300x211.jpg 300w, https:\/\/chdecole.ch\/wordpress\/wp-content\/uploads\/2014\/01\/Ecriture-le-coq.jpg 600w\" sizes=\"auto, (max-width: 142px) 100vw, 142px\" \/><\/a><a href=\"http:\/\/chdecole.ch\/wordpress\/wp-content\/uploads\/2014\/01\/Ecriture-le-python.pdf?csspreview=true\"><img loading=\"lazy\" decoding=\"async\" class=\"alignnone size-thumbnail wp-image-26647\" src=\"http:\/\/chdecole.ch\/wordpress\/wp-content\/uploads\/2014\/01\/Ecriture-le-python-150x105.jpg\" alt=\"Ecriture-le-python\" width=\"150\" height=\"105\" srcset=\"https:\/\/chdecole.ch\/wordpress\/wp-content\/uploads\/2014\/01\/Ecriture-le-python-150x105.jpg 150w, https:\/\/chdecole.ch\/wordpress\/wp-content\/uploads\/2014\/01\/Ecriture-le-python-300x211.jpg 300w, https:\/\/chdecole.ch\/wordpress\/wp-content\/uploads\/2014\/01\/Ecriture-le-python.jpg 600w\" sizes=\"auto, (max-width: 150px) 100vw, 150px\" \/><\/a><a href=\"http:\/\/chdecole.ch\/wordpress\/wp-content\/uploads\/2014\/03\/ecri1P2.pdf?csspreview=true\"><img loading=\"lazy\" decoding=\"async\" class=\"alignnone size-thumbnail wp-image-27463\" src=\"http:\/\/chdecole.ch\/wordpress\/wp-content\/uploads\/2014\/03\/ecri1P2-106x150.jpg\" alt=\"ecri1P2\" width=\"106\" height=\"150\" srcset=\"https:\/\/chdecole.ch\/wordpress\/wp-content\/uploads\/2014\/03\/ecri1P2-106x150.jpg 106w, https:\/\/chdecole.ch\/wordpress\/wp-content\/uploads\/2014\/03\/ecri1P2-212x300.jpg 212w, https:\/\/chdecole.ch\/wordpress\/wp-content\/uploads\/2014\/03\/ecri1P2.jpg 600w\" sizes=\"auto, (max-width: 106px) 100vw, 106px\" \/><\/a>\u00a0<a href=\"http:\/\/chdecole.ch\/wordpress\/wp-content\/uploads\/2014\/03\/Pourquoi-les-libellules-ont-le-corps-si-long-Ateliers12.pdf\" target=\"_blank\" rel=\"noopener\"><img loading=\"lazy\" decoding=\"async\" class=\"alignnone wp-image-34270\" src=\"http:\/\/chdecole.ch\/wordpress\/wp-content\/uploads\/2014\/03\/Pourquoi-les-libellules-ont-le-corps-si-long-Ateliers12-1-212x300.jpg\" alt=\"Pourquoi les libellules ont le corps si long ?-Ateliers12\" width=\"107\" height=\"151\" srcset=\"https:\/\/chdecole.ch\/wordpress\/wp-content\/uploads\/2014\/03\/Pourquoi-les-libellules-ont-le-corps-si-long-Ateliers12-1-212x300.jpg 212w, https:\/\/chdecole.ch\/wordpress\/wp-content\/uploads\/2014\/03\/Pourquoi-les-libellules-ont-le-corps-si-long-Ateliers12-1-106x150.jpg 106w, https:\/\/chdecole.ch\/wordpress\/wp-content\/uploads\/2014\/03\/Pourquoi-les-libellules-ont-le-corps-si-long-Ateliers12-1-768x1086.jpg 768w, https:\/\/chdecole.ch\/wordpress\/wp-content\/uploads\/2014\/03\/Pourquoi-les-libellules-ont-le-corps-si-long-Ateliers12-1-724x1024.jpg 724w, https:\/\/chdecole.ch\/wordpress\/wp-content\/uploads\/2014\/03\/Pourquoi-les-libellules-ont-le-corps-si-long-Ateliers12-1.jpg 1240w\" sizes=\"auto, (max-width: 107px) 100vw, 107px\" \/><\/a><\/p>\n<p><a href=\"http:\/\/www.ecolesenfantines.ch\/liste-grapho\/751-vol-de-libellules\"><img loading=\"lazy\" decoding=\"async\" class=\"alignnone size-medium wp-image-34457\" src=\"http:\/\/chdecole.ch\/wordpress\/wp-content\/uploads\/2016\/03\/PICT6155-300x225.jpg\" alt=\"PICT6155\" width=\"300\" height=\"225\" srcset=\"https:\/\/chdecole.ch\/wordpress\/wp-content\/uploads\/2016\/03\/PICT6155-300x225.jpg 300w, https:\/\/chdecole.ch\/wordpress\/wp-content\/uploads\/2016\/03\/PICT6155-150x113.jpg 150w, https:\/\/chdecole.ch\/wordpress\/wp-content\/uploads\/2016\/03\/PICT6155.jpg 640w\" sizes=\"auto, (max-width: 300px) 100vw, 300px\" \/><\/a>\u00a0<a href=\"http:\/\/www.ecolesenfantines.ch\/liste-grapho\/751-vol-de-libellules\"><img loading=\"lazy\" decoding=\"async\" class=\"alignnone size-medium wp-image-34458\" src=\"http:\/\/chdecole.ch\/wordpress\/wp-content\/uploads\/2016\/03\/exemple_traces-220x300.jpg\" alt=\"exemple_traces\" width=\"220\" height=\"300\" srcset=\"https:\/\/chdecole.ch\/wordpress\/wp-content\/uploads\/2016\/03\/exemple_traces-220x300.jpg 220w, https:\/\/chdecole.ch\/wordpress\/wp-content\/uploads\/2016\/03\/exemple_traces-110x150.jpg 110w, https:\/\/chdecole.ch\/wordpress\/wp-content\/uploads\/2016\/03\/exemple_traces.jpg 679w\" sizes=\"auto, (max-width: 220px) 100vw, 220px\" \/><\/a><\/p>\n<h2>Divers :<\/h2>\n<h2><a href=\"http:\/\/chdecole.ch\/wordpress\/wp-content\/uploads\/2014\/01\/animaux-libellules.pdf?csspreview=true\"><img loading=\"lazy\" decoding=\"async\" class=\"alignnone size-thumbnail wp-image-26642\" src=\"http:\/\/chdecole.ch\/wordpress\/wp-content\/uploads\/2014\/01\/animaux-libellules2-106x150.jpg\" alt=\"animaux-libellules\" width=\"106\" height=\"150\" srcset=\"https:\/\/chdecole.ch\/wordpress\/wp-content\/uploads\/2014\/01\/animaux-libellules2-106x150.jpg 106w, https:\/\/chdecole.ch\/wordpress\/wp-content\/uploads\/2014\/01\/animaux-libellules2-212x300.jpg 212w, https:\/\/chdecole.ch\/wordpress\/wp-content\/uploads\/2014\/01\/animaux-libellules2.jpg 600w\" sizes=\"auto, (max-width: 106px) 100vw, 106px\" \/><\/a>\u00a0\u00a0<a href=\"http:\/\/chdecole.ch\/wordpress\/wp-content\/uploads\/2016\/03\/libellule.pdf\" rel=\"attachment wp-att-34303\"><img loading=\"lazy\" decoding=\"async\" class=\"alignnone wp-image-34303\" src=\"http:\/\/chdecole.ch\/wordpress\/wp-content\/uploads\/2016\/03\/libellule-212x300.jpg\" alt=\"libellule\" width=\"114\" height=\"161\" srcset=\"https:\/\/chdecole.ch\/wordpress\/wp-content\/uploads\/2016\/03\/libellule-212x300.jpg 212w, https:\/\/chdecole.ch\/wordpress\/wp-content\/uploads\/2016\/03\/libellule-106x150.jpg 106w, https:\/\/chdecole.ch\/wordpress\/wp-content\/uploads\/2016\/03\/libellule-768x1087.jpg 768w, https:\/\/chdecole.ch\/wordpress\/wp-content\/uploads\/2016\/03\/libellule-723x1024.jpg 723w, https:\/\/chdecole.ch\/wordpress\/wp-content\/uploads\/2016\/03\/libellule.jpg 1239w\" sizes=\"auto, (max-width: 114px) 100vw, 114px\" \/><\/a>\u00a0<img loading=\"lazy\" decoding=\"async\" class=\"alignnone wp-image-34347\" src=\"http:\/\/chdecole.ch\/wordpress\/wp-content\/uploads\/2016\/03\/libellules-235x300.jpg\" alt=\"libellules\" width=\"122\" height=\"156\" srcset=\"https:\/\/chdecole.ch\/wordpress\/wp-content\/uploads\/2016\/03\/libellules-235x300.jpg 235w, https:\/\/chdecole.ch\/wordpress\/wp-content\/uploads\/2016\/03\/libellules-118x150.jpg 118w, https:\/\/chdecole.ch\/wordpress\/wp-content\/uploads\/2016\/03\/libellules.jpg 273w\" sizes=\"auto, (max-width: 122px) 100vw, 122px\" \/>\u00a0<a href=\"http:\/\/chdecole.ch\/wordpress\/libellules\/\" rel=\"attachment wp-att-34349\"><img loading=\"lazy\" decoding=\"async\" class=\"alignnone wp-image-34349\" src=\"http:\/\/chdecole.ch\/wordpress\/wp-content\/uploads\/2016\/03\/libe-300x300.jpg\" alt=\"libe\" width=\"156\" height=\"156\" srcset=\"https:\/\/chdecole.ch\/wordpress\/wp-content\/uploads\/2016\/03\/libe-300x300.jpg 300w, https:\/\/chdecole.ch\/wordpress\/wp-content\/uploads\/2016\/03\/libe-150x150.jpg 150w, https:\/\/chdecole.ch\/wordpress\/wp-content\/uploads\/2016\/03\/libe.jpg 600w\" sizes=\"auto, (max-width: 156px) 100vw, 156px\" \/><\/a>\u00a0<a href=\"http:\/\/chdecole.ch\/wordpress\/wp-content\/uploads\/2016\/03\/DEL_POURQUOI-LES-LIBELLULES_Entoure-les-personnages-de-lhistoire.pdf\"><img loading=\"lazy\" decoding=\"async\" class=\"alignnone size-thumbnail wp-image-37573\" src=\"http:\/\/chdecole.ch\/wordpress\/wp-content\/uploads\/2016\/03\/DEL_POURQUOI-LES-LIBELLULES_Entoure-les-personnages-de-lhistoire-106x150.jpg\" alt=\"\" width=\"106\" height=\"150\" srcset=\"https:\/\/chdecole.ch\/wordpress\/wp-content\/uploads\/2016\/03\/DEL_POURQUOI-LES-LIBELLULES_Entoure-les-personnages-de-lhistoire-106x150.jpg 106w, https:\/\/chdecole.ch\/wordpress\/wp-content\/uploads\/2016\/03\/DEL_POURQUOI-LES-LIBELLULES_Entoure-les-personnages-de-lhistoire-212x300.jpg 212w, https:\/\/chdecole.ch\/wordpress\/wp-content\/uploads\/2016\/03\/DEL_POURQUOI-LES-LIBELLULES_Entoure-les-personnages-de-lhistoire-768x1086.jpg 768w, https:\/\/chdecole.ch\/wordpress\/wp-content\/uploads\/2016\/03\/DEL_POURQUOI-LES-LIBELLULES_Entoure-les-personnages-de-lhistoire-724x1024.jpg 724w, https:\/\/chdecole.ch\/wordpress\/wp-content\/uploads\/2016\/03\/DEL_POURQUOI-LES-LIBELLULES_Entoure-les-personnages-de-lhistoire-600x849.jpg 600w, https:\/\/chdecole.ch\/wordpress\/wp-content\/uploads\/2016\/03\/DEL_POURQUOI-LES-LIBELLULES_Entoure-les-personnages-de-lhistoire-1320x1867.jpg 1320w\" sizes=\"auto, (max-width: 106px) 100vw, 106px\" \/><\/a><\/h2>\n<h2>Liens :<\/h2>\n<p><a href=\"http:\/\/chdecole.ch\/wordpress\/theme-de-lafrique-masques\/\" target=\"_blank\" rel=\"noopener\">Masques africains<\/a><\/p>\n<p><a href=\"http:\/\/chdecole.ch\/wordpress\/theme-de-lafrique-2\/\" target=\"_blank\" rel=\"noopener\">Sur le th\u00e8me de l&rsquo;Afrique<\/a><\/p>\n<div class=\"ast-oembed-container \" style=\"height: 100%;\"><iframe loading=\"lazy\" title=\"Pourquoi les libellules ont le corps si long\" width=\"500\" height=\"375\" src=\"https:\/\/www.youtube.com\/embed\/gn4F_Xb9F5w?feature=oembed\" frameborder=\"0\" allow=\"accelerometer; autoplay; clipboard-write; encrypted-media; gyroscope; picture-in-picture; web-share\" referrerpolicy=\"strict-origin-when-cross-origin\" allowfullscreen><\/iframe><\/div>\n","protected":false},"excerpt":{"rendered":"<p>Merci \u00e0 Ernesto\u00a0et \u00e0 Sylvie pour ces nouveaux documents Affiches de r\u00e9f\u00e9rence : \u00a0\u00a0 Couverture : \u00a0\u00a0\u00a0\u00a0 Discrimination visuelle : \u00a0\u00a0\u00a0\u00a0\u00a0 Ordre chronologique : \u00a0 Compr\u00e9hension de l&rsquo;\u00e9crit : \u00a0\u00a0\u00a0\u00a0\u00a0\u00a0 Segmentation syllabes orales : \u00a0\u00a0 Conscience phonologie : \u00a0\u00a0 Concept lettre : Production \u00e9crite : Graphisme-Ecriture : \u00a0\u00a0 \u00a0 \u00a0 \u00a0 \u00a0 Divers : \u00a0\u00a0\u00a0\u00a0\u00a0 [&hellip;]<\/p>\n","protected":false},"author":1,"featured_media":0,"comment_status":"open","ping_status":"open","sticky":false,"template":"","format":"standard","meta":{"site-sidebar-layout":"default","site-content-layout":"","ast-site-content-layout":"","site-content-style":"default","site-sidebar-style":"default","ast-global-header-display":"","ast-banner-title-visibility":"","ast-main-header-display":"","ast-hfb-above-header-display":"","ast-hfb-below-header-display":"","ast-hfb-mobile-header-display":"","site-post-title":"","ast-breadcrumbs-content":"","ast-featured-img":"","footer-sml-layout":"","theme-transparent-header-meta":"","adv-header-id-meta":"","stick-header-meta":"","header-above-stick-meta":"","header-main-stick-meta":"","header-below-stick-meta":"","astra-migrate-meta-layouts":"default","ast-page-background-enabled":"default","ast-page-background-meta":{"desktop":{"background-color":"var(--ast-global-color-5)","background-image":"","background-repeat":"repeat","background-position":"center center","background-size":"auto","background-attachment":"scroll","background-type":"","background-media":"","overlay-type":"","overlay-color":"","overlay-opacity":"","overlay-gradient":""},"tablet":{"background-color":"","background-image":"","background-repeat":"repeat","background-position":"center center","background-size":"auto","background-attachment":"scroll","background-type":"","background-media":"","overlay-type":"","overlay-color":"","overlay-opacity":"","overlay-gradient":""},"mobile":{"background-color":"","background-image":"","background-repeat":"repeat","background-position":"center center","background-size":"auto","background-attachment":"scroll","background-type":"","background-media":"","overlay-type":"","overlay-color":"","overlay-opacity":"","overlay-gradient":""}},"ast-content-background-meta":{"desktop":{"background-color":"var(--ast-global-color-4)","background-image":"","background-repeat":"repeat","background-position":"center center","background-size":"auto","background-attachment":"scroll","background-type":"","background-media":"","overlay-type":"","overlay-color":"","overlay-opacity":"","overlay-gradient":""},"tablet":{"background-color":"var(--ast-global-color-4)","background-image":"","background-repeat":"repeat","background-position":"center center","background-size":"auto","background-attachment":"scroll","background-type":"","background-media":"","overlay-type":"","overlay-color":"","overlay-opacity":"","overlay-gradient":""},"mobile":{"background-color":"var(--ast-global-color-4)","background-image":"","background-repeat":"repeat","background-position":"center center","background-size":"auto","background-attachment":"scroll","background-type":"","background-media":"","overlay-type":"","overlay-color":"","overlay-opacity":"","overlay-gradient":""}},"jetpack_post_was_ever_published":false,"_jetpack_newsletter_access":"","_jetpack_dont_email_post_to_subs":false,"_jetpack_newsletter_tier_id":0,"_jetpack_memberships_contains_paywalled_content":false,"_jetpack_memberships_contains_paid_content":false,"footnotes":""},"categories":[3,4,55,39,49,153,37,172,173,53,43,156,167,101,48],"tags":[],"class_list":["post-26539","post","type-post","status-publish","format-standard","hentry","category-1p-1ere-enfantine","category-2p-2eme-enfantinegs","category-albums","category-ateliers","category-chd","category-del-dir-ecrire-lire","category-ecriture-et-intruments-de-la-communication","category-equipe-cf","category-equipe-cofo","category-francais","category-graphisme","category-moyens-denseignement-per-plan-detude-romand","category-moyens-denseignement-francais","category-per-plan-detude-romand","category-fait-maison"],"jetpack_sharing_enabled":true,"jetpack_featured_media_url":"","jetpack_shortlink":"https:\/\/wp.me\/p26z6q-6U3","_links":{"self":[{"href":"https:\/\/chdecole.ch\/wordpress\/wp-json\/wp\/v2\/posts\/26539","targetHints":{"allow":["GET"]}}],"collection":[{"href":"https:\/\/chdecole.ch\/wordpress\/wp-json\/wp\/v2\/posts"}],"about":[{"href":"https:\/\/chdecole.ch\/wordpress\/wp-json\/wp\/v2\/types\/post"}],"author":[{"embeddable":true,"href":"https:\/\/chdecole.ch\/wordpress\/wp-json\/wp\/v2\/users\/1"}],"replies":[{"embeddable":true,"href":"https:\/\/chdecole.ch\/wordpress\/wp-json\/wp\/v2\/comments?post=26539"}],"version-history":[{"count":102,"href":"https:\/\/chdecole.ch\/wordpress\/wp-json\/wp\/v2\/posts\/26539\/revisions"}],"predecessor-version":[{"id":37575,"href":"https:\/\/chdecole.ch\/wordpress\/wp-json\/wp\/v2\/posts\/26539\/revisions\/37575"}],"wp:attachment":[{"href":"https:\/\/chdecole.ch\/wordpress\/wp-json\/wp\/v2\/media?parent=26539"}],"wp:term":[{"taxonomy":"category","embeddable":true,"href":"https:\/\/chdecole.ch\/wordpress\/wp-json\/wp\/v2\/categories?post=26539"},{"taxonomy":"post_tag","embeddable":true,"href":"https:\/\/chdecole.ch\/wordpress\/wp-json\/wp\/v2\/tags?post=26539"}],"curies":[{"name":"wp","href":"https:\/\/api.w.org\/{rel}","templated":true}]}}