{"id":36851,"date":"2017-10-11T14:52:11","date_gmt":"2017-10-11T12:52:11","guid":{"rendered":"http:\/\/chdecole.ch\/wordpress\/?p=36851"},"modified":"2019-11-23T21:12:12","modified_gmt":"2019-11-23T20:12:12","slug":"ateliers-francais-3p","status":"publish","type":"post","link":"https:\/\/chdecole.ch\/wordpress\/ateliers-francais-3p\/","title":{"rendered":"Ateliers fran\u00e7ais 3P"},"content":{"rendered":"<p><span style=\"color: #000000;\">Ateliers en lien avec la m\u00e9thode de lecture genevoise<\/span><\/p>\n<h3><span style=\"color: #00ccff;\">Module 1<\/span><\/h3>\n<p><a href=\"http:\/\/chdecole.ch\/wordpress\/wp-content\/uploads\/2017\/10\/jentends-mod-1.pdf\" target=\"_blank\" rel=\"noopener noreferrer\"><img loading=\"lazy\" decoding=\"async\" class=\"alignnone wp-image-34081 size-thumbnail\" src=\"http:\/\/chdecole.ch\/wordpress\/wp-content\/uploads\/2016\/01\/pdf-150x125.png\" alt=\"pdf\" width=\"150\" height=\"125\" srcset=\"https:\/\/chdecole.ch\/wordpress\/wp-content\/uploads\/2016\/01\/pdf-150x125.png 150w, https:\/\/chdecole.ch\/wordpress\/wp-content\/uploads\/2016\/01\/pdf-300x250.png 300w, https:\/\/chdecole.ch\/wordpress\/wp-content\/uploads\/2016\/01\/pdf.png 640w\" sizes=\"auto, (max-width: 150px) 100vw, 150px\" \/><\/a>\u00a0<a href=\"https:\/\/drive.google.com\/open?id=17VcMuzHWEhB6sD3mhdjsl2HNIk_X2dK_\">j&rsquo;entends<\/a><\/p>\n<p><a href=\"http:\/\/chdecole.ch\/wordpress\/wp-content\/uploads\/2019\/11\/Situer-le-son-module-1.pdf\" target=\"_blank\" rel=\"noopener noreferrer\"><img loading=\"lazy\" decoding=\"async\" class=\"alignnone size-thumbnail wp-image-34081\" src=\"http:\/\/chdecole.ch\/wordpress\/wp-content\/uploads\/2016\/01\/pdf-150x125.png\" alt=\"pdf\" width=\"150\" height=\"125\" srcset=\"https:\/\/chdecole.ch\/wordpress\/wp-content\/uploads\/2016\/01\/pdf-150x125.png 150w, https:\/\/chdecole.ch\/wordpress\/wp-content\/uploads\/2016\/01\/pdf-300x250.png 300w, https:\/\/chdecole.ch\/wordpress\/wp-content\/uploads\/2016\/01\/pdf.png 640w\" sizes=\"auto, (max-width: 150px) 100vw, 150px\" \/><\/a>\u00a0<a href=\"http:\/\/chdecole.ch\/wordpress\/wp-content\/uploads\/2019\/11\/Situer-le-son-module-1.pdf\"><span style=\"color: #000000;\">situer un son <\/span><\/a>\u00a0<a href=\"http:\/\/chdecole.ch\/wordpress\/wp-content\/uploads\/2017\/10\/Lire-syllabes-bis-mod.1.pdf\" target=\"_blank\" rel=\"noopener noreferrer\"><img loading=\"lazy\" decoding=\"async\" class=\"alignnone wp-image-34081 size-thumbnail\" src=\"http:\/\/chdecole.ch\/wordpress\/wp-content\/uploads\/2016\/01\/pdf-150x125.png\" alt=\"pdf\" width=\"150\" height=\"125\" srcset=\"https:\/\/chdecole.ch\/wordpress\/wp-content\/uploads\/2016\/01\/pdf-150x125.png 150w, https:\/\/chdecole.ch\/wordpress\/wp-content\/uploads\/2016\/01\/pdf-300x250.png 300w, https:\/\/chdecole.ch\/wordpress\/wp-content\/uploads\/2016\/01\/pdf.png 640w\" sizes=\"auto, (max-width: 150px) 100vw, 150px\" \/><\/a><span style=\"color: #000000;\"> lire des syllabes<\/span><\/p>\n<p><a href=\"http:\/\/chdecole.ch\/wordpress\/wp-content\/uploads\/2017\/10\/Localiser-son.pdf\">feuille de route <\/a>(merci \u00e0 Anne)<\/p>\n<h3><span style=\"color: #ff6600;\">Module 2<\/span><\/h3>\n<p><a href=\"http:\/\/chdecole.ch\/wordpress\/wp-content\/uploads\/2017\/10\/jentends-mod.2.pdf\" target=\"_blank\" rel=\"noopener noreferrer\"><img loading=\"lazy\" decoding=\"async\" class=\"alignnone wp-image-34081 size-thumbnail\" src=\"http:\/\/chdecole.ch\/wordpress\/wp-content\/uploads\/2016\/01\/pdf-150x125.png\" alt=\"pdf\" width=\"150\" height=\"125\" srcset=\"https:\/\/chdecole.ch\/wordpress\/wp-content\/uploads\/2016\/01\/pdf-150x125.png 150w, https:\/\/chdecole.ch\/wordpress\/wp-content\/uploads\/2016\/01\/pdf-300x250.png 300w, https:\/\/chdecole.ch\/wordpress\/wp-content\/uploads\/2016\/01\/pdf.png 640w\" sizes=\"auto, (max-width: 150px) 100vw, 150px\" \/><\/a>\u00a0j&rsquo;entends\u00a0 <a href=\"http:\/\/chdecole.ch\/wordpress\/wp-content\/uploads\/2019\/11\/Situer-le-son-module-2-2.pdf\" target=\"_blank\" rel=\"noopener noreferrer\"><img loading=\"lazy\" decoding=\"async\" class=\"alignnone wp-image-34081 size-thumbnail\" src=\"http:\/\/chdecole.ch\/wordpress\/wp-content\/uploads\/2016\/01\/pdf-150x125.png\" alt=\"pdf\" width=\"150\" height=\"125\" srcset=\"https:\/\/chdecole.ch\/wordpress\/wp-content\/uploads\/2016\/01\/pdf-150x125.png 150w, https:\/\/chdecole.ch\/wordpress\/wp-content\/uploads\/2016\/01\/pdf-300x250.png 300w, https:\/\/chdecole.ch\/wordpress\/wp-content\/uploads\/2016\/01\/pdf.png 640w\" sizes=\"auto, (max-width: 150px) 100vw, 150px\" \/><\/a>\u00a0<a href=\"http:\/\/chdecole.ch\/wordpress\/wp-content\/uploads\/2019\/11\/Situer-le-son-module-2-2.pdf\">situer un son <\/a><a href=\"http:\/\/chdecole.ch\/wordpress\/wp-content\/uploads\/2019\/11\/Situer-le-son-module-2.pdf\" target=\"_blank\" rel=\"noopener noreferrer\"><img loading=\"lazy\" decoding=\"async\" class=\"alignnone size-thumbnail wp-image-34081\" src=\"http:\/\/chdecole.ch\/wordpress\/wp-content\/uploads\/2016\/01\/pdf-150x125.png\" alt=\"pdf\" width=\"150\" height=\"125\" srcset=\"https:\/\/chdecole.ch\/wordpress\/wp-content\/uploads\/2016\/01\/pdf-150x125.png 150w, https:\/\/chdecole.ch\/wordpress\/wp-content\/uploads\/2016\/01\/pdf-300x250.png 300w, https:\/\/chdecole.ch\/wordpress\/wp-content\/uploads\/2016\/01\/pdf.png 640w\" sizes=\"auto, (max-width: 150px) 100vw, 150px\" \/> +<\/a><\/p>\n<p><a href=\"http:\/\/chdecole.ch\/wordpress\/wp-content\/uploads\/2017\/10\/Lire-syllabes-bis-mod.2-.pdf\" target=\"_blank\" rel=\"noopener noreferrer\"><img loading=\"lazy\" decoding=\"async\" class=\"alignnone wp-image-34081 size-thumbnail\" src=\"http:\/\/chdecole.ch\/wordpress\/wp-content\/uploads\/2016\/01\/pdf-150x125.png\" alt=\"pdf\" width=\"150\" height=\"125\" srcset=\"https:\/\/chdecole.ch\/wordpress\/wp-content\/uploads\/2016\/01\/pdf-150x125.png 150w, https:\/\/chdecole.ch\/wordpress\/wp-content\/uploads\/2016\/01\/pdf-300x250.png 300w, https:\/\/chdecole.ch\/wordpress\/wp-content\/uploads\/2016\/01\/pdf.png 640w\" sizes=\"auto, (max-width: 150px) 100vw, 150px\" \/><\/a> lire des syllabes\u00a0<a href=\"http:\/\/chdecole.ch\/wordpress\/wp-content\/uploads\/2017\/10\/Lire-phrases-mod.2.pdf\" target=\"_blank\" rel=\"noopener noreferrer\"><img loading=\"lazy\" decoding=\"async\" class=\"alignnone wp-image-34081 size-thumbnail\" src=\"http:\/\/chdecole.ch\/wordpress\/wp-content\/uploads\/2016\/01\/pdf-150x125.png\" alt=\"pdf\" width=\"150\" height=\"125\" srcset=\"https:\/\/chdecole.ch\/wordpress\/wp-content\/uploads\/2016\/01\/pdf-150x125.png 150w, https:\/\/chdecole.ch\/wordpress\/wp-content\/uploads\/2016\/01\/pdf-300x250.png 300w, https:\/\/chdecole.ch\/wordpress\/wp-content\/uploads\/2016\/01\/pdf.png 640w\" sizes=\"auto, (max-width: 150px) 100vw, 150px\" \/><\/a> lire des phrases<\/p>\n<p><a href=\"http:\/\/chdecole.ch\/wordpress\/wp-content\/uploads\/2017\/10\/3P_fran\u00e7_\u00e9valuation_Lecture_L\u00e9on-et-son-croco_novembre.pdf\" target=\"_blank\" rel=\"noopener noreferrer\"><img loading=\"lazy\" decoding=\"async\" class=\"alignnone wp-image-34081 size-thumbnail\" src=\"http:\/\/chdecole.ch\/wordpress\/wp-content\/uploads\/2016\/01\/pdf-150x125.png\" alt=\"pdf\" width=\"150\" height=\"125\" srcset=\"https:\/\/chdecole.ch\/wordpress\/wp-content\/uploads\/2016\/01\/pdf-150x125.png 150w, https:\/\/chdecole.ch\/wordpress\/wp-content\/uploads\/2016\/01\/pdf-300x250.png 300w, https:\/\/chdecole.ch\/wordpress\/wp-content\/uploads\/2016\/01\/pdf.png 640w\" sizes=\"auto, (max-width: 150px) 100vw, 150px\" \/><\/a>\u00a0\u00e9valuation (merci \u00e0 Ernesto)<\/p>\n<h3><span style=\"color: #ccffcc;\">Module 3<\/span><\/h3>\n<p><a href=\"http:\/\/chdecole.ch\/wordpress\/wp-content\/uploads\/2019\/11\/Situer-le-son-module-3.pdf\" target=\"_blank\" rel=\"noopener noreferrer\"><img loading=\"lazy\" decoding=\"async\" class=\"alignnone wp-image-34081 size-thumbnail\" src=\"http:\/\/chdecole.ch\/wordpress\/wp-content\/uploads\/2016\/01\/pdf-150x125.png\" alt=\"pdf\" width=\"150\" height=\"125\" srcset=\"https:\/\/chdecole.ch\/wordpress\/wp-content\/uploads\/2016\/01\/pdf-150x125.png 150w, https:\/\/chdecole.ch\/wordpress\/wp-content\/uploads\/2016\/01\/pdf-300x250.png 300w, https:\/\/chdecole.ch\/wordpress\/wp-content\/uploads\/2016\/01\/pdf.png 640w\" sizes=\"auto, (max-width: 150px) 100vw, 150px\" \/>\u00a0<\/a><a style=\"color: #000000;\" href=\"http:\/\/chdecole.ch\/wordpress\/wp-content\/uploads\/2019\/11\/Situer-le-son-module-3.pdf\">situer un son<\/a> <span style=\"color: #000000;\"><a href=\"http:\/\/chdecole.ch\/wordpress\/wp-content\/uploads\/2017\/10\/Lire-des-mots-module-3.pdf\" target=\"_blank\" rel=\"noopener noreferrer\"><img loading=\"lazy\" decoding=\"async\" class=\"alignnone wp-image-34081 size-thumbnail\" src=\"http:\/\/chdecole.ch\/wordpress\/wp-content\/uploads\/2016\/01\/pdf-150x125.png\" alt=\"pdf\" width=\"150\" height=\"125\" srcset=\"https:\/\/chdecole.ch\/wordpress\/wp-content\/uploads\/2016\/01\/pdf-150x125.png 150w, https:\/\/chdecole.ch\/wordpress\/wp-content\/uploads\/2016\/01\/pdf-300x250.png 300w, https:\/\/chdecole.ch\/wordpress\/wp-content\/uploads\/2016\/01\/pdf.png 640w\" sizes=\"auto, (max-width: 150px) 100vw, 150px\" \/><\/a> lire des mots<\/span><\/p>\n<h3><span style=\"color: #993366;\">Module 4<\/span><\/h3>\n<p><span style=\"color: #000000;\"><a href=\"http:\/\/chdecole.ch\/wordpress\/wp-content\/uploads\/2017\/10\/Situer-le-son-module-4-3.pdf\" target=\"_blank\" rel=\"noopener noreferrer\">\u00a0<\/a><a href=\"http:\/\/chdecole.ch\/wordpress\/wp-content\/uploads\/2017\/10\/Situer-le-son-module-4-cor.pdf\" target=\"_blank\" rel=\"noopener noreferrer\"><img loading=\"lazy\" decoding=\"async\" class=\"alignnone wp-image-34081 size-thumbnail\" src=\"http:\/\/chdecole.ch\/wordpress\/wp-content\/uploads\/2016\/01\/pdf-150x125.png\" alt=\"pdf\" width=\"150\" height=\"125\" srcset=\"https:\/\/chdecole.ch\/wordpress\/wp-content\/uploads\/2016\/01\/pdf-150x125.png 150w, https:\/\/chdecole.ch\/wordpress\/wp-content\/uploads\/2016\/01\/pdf-300x250.png 300w, https:\/\/chdecole.ch\/wordpress\/wp-content\/uploads\/2016\/01\/pdf.png 640w\" sizes=\"auto, (max-width: 150px) 100vw, 150px\" \/><\/a><a style=\"color: #000000;\" href=\"http:\/\/chdecole.ch\/wordpress\/wp-content\/uploads\/2017\/10\/Situer-le-son-module-4-3.pdf\">situer un son<\/a>\u00a0<\/span><\/p>\n<h3><span style=\"color: #993366;\">Module 5<\/span><\/h3>\n<p><span style=\"color: #000000;\"><a href=\"http:\/\/chdecole.ch\/wordpress\/wp-content\/uploads\/2017\/10\/Situer-le-son-module-4-3.pdf\" target=\"_blank\" rel=\"noopener noreferrer\">\u00a0<\/a><a href=\"http:\/\/chdecole.ch\/wordpress\/wp-content\/uploads\/2019\/03\/Situer-le-son-module-5-1.pdf\" target=\"_blank\" rel=\"noopener noreferrer\"><img loading=\"lazy\" decoding=\"async\" class=\"alignnone wp-image-34081 size-thumbnail\" src=\"http:\/\/chdecole.ch\/wordpress\/wp-content\/uploads\/2016\/01\/pdf-150x125.png\" alt=\"pdf\" width=\"150\" height=\"125\" srcset=\"https:\/\/chdecole.ch\/wordpress\/wp-content\/uploads\/2016\/01\/pdf-150x125.png 150w, https:\/\/chdecole.ch\/wordpress\/wp-content\/uploads\/2016\/01\/pdf-300x250.png 300w, https:\/\/chdecole.ch\/wordpress\/wp-content\/uploads\/2016\/01\/pdf.png 640w\" sizes=\"auto, (max-width: 150px) 100vw, 150px\" \/><\/a><a style=\"color: #000000;\" href=\"http:\/\/chdecole.ch\/wordpress\/wp-content\/uploads\/2019\/03\/Situer-le-son-module-5.pdf\">situer un son<\/a>\u00a0<\/span><\/p>\n<h3>Segmenter les mots d&rsquo;une phrase<\/h3>\n<p><a href=\"http:\/\/chdecole.ch\/wordpress\/wp-content\/uploads\/2017\/10\/Segmenter-phrases-2-2.pdf\" target=\"_blank\" rel=\"noopener noreferrer\"><img loading=\"lazy\" decoding=\"async\" class=\"alignnone wp-image-34081 size-thumbnail\" src=\"http:\/\/chdecole.ch\/wordpress\/wp-content\/uploads\/2016\/01\/pdf-150x125.png\" alt=\"pdf\" width=\"150\" height=\"125\" srcset=\"https:\/\/chdecole.ch\/wordpress\/wp-content\/uploads\/2016\/01\/pdf-150x125.png 150w, https:\/\/chdecole.ch\/wordpress\/wp-content\/uploads\/2016\/01\/pdf-300x250.png 300w, https:\/\/chdecole.ch\/wordpress\/wp-content\/uploads\/2016\/01\/pdf.png 640w\" sizes=\"auto, (max-width: 150px) 100vw, 150px\" \/>\u00a0<span style=\"color: #000000;\">modules 1 \u00e0 3\u00a0\u00a0\u00a0\u00a0<\/span><\/a><\/p>\n<p><a href=\"http:\/\/chdecole.ch\/wordpress\/wp-content\/uploads\/2017\/10\/Segmenter-phrases-4.pdf\" target=\"_blank\" rel=\"noopener noreferrer\"><img loading=\"lazy\" decoding=\"async\" class=\"alignnone wp-image-34081 size-thumbnail\" src=\"http:\/\/chdecole.ch\/wordpress\/wp-content\/uploads\/2016\/01\/pdf-150x125.png\" alt=\"pdf\" width=\"150\" height=\"125\" srcset=\"https:\/\/chdecole.ch\/wordpress\/wp-content\/uploads\/2016\/01\/pdf-150x125.png 150w, https:\/\/chdecole.ch\/wordpress\/wp-content\/uploads\/2016\/01\/pdf-300x250.png 300w, https:\/\/chdecole.ch\/wordpress\/wp-content\/uploads\/2016\/01\/pdf.png 640w\" sizes=\"auto, (max-width: 150px) 100vw, 150px\" \/> module 4<\/a><\/p>\n<h3>R\u00e9vision consonne + l et consonne + r<\/h3>\n<h3><a href=\"http:\/\/chdecole.ch\/wordpress\/wp-content\/uploads\/2019\/03\/Revision-consonner_l-ter.pdf\" target=\"_blank\" rel=\"noopener noreferrer\"><img loading=\"lazy\" decoding=\"async\" class=\"alignnone wp-image-34081 size-thumbnail\" src=\"http:\/\/chdecole.ch\/wordpress\/wp-content\/uploads\/2016\/01\/pdf-150x125.png\" alt=\"pdf\" width=\"150\" height=\"125\" srcset=\"https:\/\/chdecole.ch\/wordpress\/wp-content\/uploads\/2016\/01\/pdf-150x125.png 150w, https:\/\/chdecole.ch\/wordpress\/wp-content\/uploads\/2016\/01\/pdf-300x250.png 300w, https:\/\/chdecole.ch\/wordpress\/wp-content\/uploads\/2016\/01\/pdf.png 640w\" sizes=\"auto, (max-width: 150px) 100vw, 150px\" \/><\/a><\/h3>\n<h3>R\u00e9f\u00e9rences capital mots 1 \u00e0 7<\/h3>\n<p><a href=\"http:\/\/chdecole.ch\/wordpress\/wp-content\/uploads\/2017\/10\/Ref-capital-mots.pdf\" target=\"_blank\" rel=\"noopener noreferrer\"><img loading=\"lazy\" decoding=\"async\" class=\"alignnone wp-image-34081 size-thumbnail\" src=\"http:\/\/chdecole.ch\/wordpress\/wp-content\/uploads\/2016\/01\/pdf-150x125.png\" alt=\"pdf\" width=\"150\" height=\"125\" srcset=\"https:\/\/chdecole.ch\/wordpress\/wp-content\/uploads\/2016\/01\/pdf-150x125.png 150w, https:\/\/chdecole.ch\/wordpress\/wp-content\/uploads\/2016\/01\/pdf-300x250.png 300w, https:\/\/chdecole.ch\/wordpress\/wp-content\/uploads\/2016\/01\/pdf.png 640w\" sizes=\"auto, (max-width: 150px) 100vw, 150px\" \/><\/a><\/p>\n","protected":false},"excerpt":{"rendered":"<p>Ateliers en lien avec la m\u00e9thode de lecture genevoise Module 1 \u00a0j&rsquo;entends \u00a0situer un son \u00a0 lire des syllabes feuille de route (merci \u00e0 Anne) Module 2 \u00a0j&rsquo;entends\u00a0 \u00a0situer un son + lire des syllabes\u00a0 lire des phrases \u00a0\u00e9valuation (merci \u00e0 Ernesto) Module 3 \u00a0situer un son lire des mots Module 4 \u00a0situer un son\u00a0 [&hellip;]<\/p>\n","protected":false},"author":1,"featured_media":0,"comment_status":"open","ping_status":"open","sticky":false,"template":"","format":"standard","meta":{"site-sidebar-layout":"default","site-content-layout":"","ast-site-content-layout":"","site-content-style":"default","site-sidebar-style":"default","ast-global-header-display":"","ast-banner-title-visibility":"","ast-main-header-display":"","ast-hfb-above-header-display":"","ast-hfb-below-header-display":"","ast-hfb-mobile-header-display":"","site-post-title":"","ast-breadcrumbs-content":"","ast-featured-img":"","footer-sml-layout":"","theme-transparent-header-meta":"","adv-header-id-meta":"","stick-header-meta":"","header-above-stick-meta":"","header-main-stick-meta":"","header-below-stick-meta":"","astra-migrate-meta-layouts":"default","ast-page-background-enabled":"default","ast-page-background-meta":{"desktop":{"background-color":"var(--ast-global-color-5)","background-image":"","background-repeat":"repeat","background-position":"center center","background-size":"auto","background-attachment":"scroll","background-type":"","background-media":"","overlay-type":"","overlay-color":"","overlay-opacity":"","overlay-gradient":""},"tablet":{"background-color":"","background-image":"","background-repeat":"repeat","background-position":"center center","background-size":"auto","background-attachment":"scroll","background-type":"","background-media":"","overlay-type":"","overlay-color":"","overlay-opacity":"","overlay-gradient":""},"mobile":{"background-color":"","background-image":"","background-repeat":"repeat","background-position":"center center","background-size":"auto","background-attachment":"scroll","background-type":"","background-media":"","overlay-type":"","overlay-color":"","overlay-opacity":"","overlay-gradient":""}},"ast-content-background-meta":{"desktop":{"background-color":"var(--ast-global-color-4)","background-image":"","background-repeat":"repeat","background-position":"center center","background-size":"auto","background-attachment":"scroll","background-type":"","background-media":"","overlay-type":"","overlay-color":"","overlay-opacity":"","overlay-gradient":""},"tablet":{"background-color":"var(--ast-global-color-4)","background-image":"","background-repeat":"repeat","background-position":"center center","background-size":"auto","background-attachment":"scroll","background-type":"","background-media":"","overlay-type":"","overlay-color":"","overlay-opacity":"","overlay-gradient":""},"mobile":{"background-color":"var(--ast-global-color-4)","background-image":"","background-repeat":"repeat","background-position":"center center","background-size":"auto","background-attachment":"scroll","background-type":"","background-media":"","overlay-type":"","overlay-color":"","overlay-opacity":"","overlay-gradient":""}},"jetpack_post_was_ever_published":false,"_jetpack_newsletter_access":"","_jetpack_dont_email_post_to_subs":false,"_jetpack_newsletter_tier_id":0,"_jetpack_memberships_contains_paywalled_content":false,"_jetpack_memberships_contains_paid_content":false,"footnotes":""},"categories":[5,56,49,53,167,209,48],"tags":[],"class_list":["post-36851","post","type-post","status-publish","format-standard","hentry","category-3p-1ere-primairecp","category-ateliers-francais","category-chd","category-francais","category-moyens-denseignement-francais","category-niveaux","category-fait-maison"],"jetpack_sharing_enabled":true,"jetpack_featured_media_url":"","jetpack_shortlink":"https:\/\/wp.me\/p26z6q-9An","_links":{"self":[{"href":"https:\/\/chdecole.ch\/wordpress\/wp-json\/wp\/v2\/posts\/36851","targetHints":{"allow":["GET"]}}],"collection":[{"href":"https:\/\/chdecole.ch\/wordpress\/wp-json\/wp\/v2\/posts"}],"about":[{"href":"https:\/\/chdecole.ch\/wordpress\/wp-json\/wp\/v2\/types\/post"}],"author":[{"embeddable":true,"href":"https:\/\/chdecole.ch\/wordpress\/wp-json\/wp\/v2\/users\/1"}],"replies":[{"embeddable":true,"href":"https:\/\/chdecole.ch\/wordpress\/wp-json\/wp\/v2\/comments?post=36851"}],"version-history":[{"count":51,"href":"https:\/\/chdecole.ch\/wordpress\/wp-json\/wp\/v2\/posts\/36851\/revisions"}],"predecessor-version":[{"id":37813,"href":"https:\/\/chdecole.ch\/wordpress\/wp-json\/wp\/v2\/posts\/36851\/revisions\/37813"}],"wp:attachment":[{"href":"https:\/\/chdecole.ch\/wordpress\/wp-json\/wp\/v2\/media?parent=36851"}],"wp:term":[{"taxonomy":"category","embeddable":true,"href":"https:\/\/chdecole.ch\/wordpress\/wp-json\/wp\/v2\/categories?post=36851"},{"taxonomy":"post_tag","embeddable":true,"href":"https:\/\/chdecole.ch\/wordpress\/wp-json\/wp\/v2\/tags?post=36851"}],"curies":[{"name":"wp","href":"https:\/\/api.w.org\/{rel}","templated":true}]}}